{"id":10361,"date":"2025-08-21T14:11:10","date_gmt":"2025-08-21T14:11:10","guid":{"rendered":"https:\/\/www.europesays.com\/se\/10361\/"},"modified":"2025-08-21T14:11:10","modified_gmt":"2025-08-21T14:11:10","slug":"isabelle-haak-om-karleken-lattare-att-relatera","status":"publish","type":"post","link":"https:\/\/www.europesays.com\/se\/10361\/","title":{"rendered":"Isabelle Haak om k\u00e4rleken: \u201dL\u00e4ttare att relatera\u201d"},"content":{"rendered":"<p>Publicerad 21 aug 2025 kl 07.50Uppdaterad kl 07.56<\/p>\n<p>Ett historiskt f\u00f6rsta v\u00e4rldsm\u00e4sterskap v\u00e4ntar f\u00f6r volleybolldamerna.<\/p>\n<p>Superstj\u00e4rnan Isabelle Haak har laddat batterierna under semestern tillsammans med sin italienske pojkv\u00e4n, som \u00e4r basketproffs.<\/p>\n<p>\u2013 Det g\u00f6r att det \u00e4r l\u00e4ttare att relatera till varandra, s\u00e4ger 26-\u00e5ringen.<\/p>\n<p><img   alt=\"\"\/><\/p>\n<p>Isabelle Haak och pojkv\u00e4nnen Jacopo Preti.<\/p>\n<p>Foto: Instagram<\/p>\n<p>\u00d6ppna bild i helsk\u00e4rm<img loading=\"lazy\"   alt=\"\"\/><\/p>\n<p>Isabelle Haak i landslaget.<\/p>\n<p>Foto: PETTER ARVIDSON \/ BILDBYR\u00c5N<\/p>\n<p>\u00d6ppna bild i helsk\u00e4rm<\/p>\n<p>N\u00e4r Sverige p\u00e5 fredag klockan 12, svensk tid, st\u00e4lls mot Nederl\u00e4nderna i Bangkok skrivs historia.<\/p>\n<p>Under 2020-talet har det blivit tv\u00e5 EM-turneringar, men detta \u00e4r f\u00f6rsta g\u00e5ngen som volleybolldamerna spelar ett VM-slutspel.<\/p>\n<p>\u2013 Vi har tagit stora kliv \u00e5r f\u00f6r \u00e5r, men jag trodde v\u00e4l aldrig att det skulle leda till VM. Det k\u00e4nns v\u00e4ldigt h\u00e4ftigt, s\u00e4ger <a href=\"https:\/\/www.expressen.se\/tagg\/person\/isabelle-haak\/\" class=\"\" rel=\"nofollow noopener\" target=\"_blank\">Isabelle Haak<\/a>.<\/p>\n<p>\u201dUppm\u00e4rksamma psykisk h\u00e4lsa\u201d<\/p>\n<p>Haak gjorde A-landslagsdebut redan som 14-\u00e5ring. Som 26-\u00e5ring \u00e4r hon en av volleybollv\u00e4rldens absolut fr\u00e4msta spelare med exempelvis tre Champions League-titlar p\u00e5 meritlistan.<\/p>\n<p>F\u00f6rra v\u00e5ren fick hon dock dra i handbromsen \u2013 Haak hade drabbats av utmattningssymptom p\u00e5 grund av ett extremt spelschema.<\/p>\n<p>Numera tr\u00e4ffar hon en psykolog regelbundet och \u00e4r ambassad\u00f6r f\u00f6r Svenska volleyf\u00f6rbundets satsning p\u00e5 psykisk h\u00e4lsa. Projektet g\u00e5r under namnet \u201dHela v\u00e4gen upp\u201d.<\/p>\n<p>\u2013 Det \u00e4r n\u00e5got jag verkligen tycker \u00e4r viktigt. Det k\u00e4nns fint att f\u00e5 vara en del av det \u2013 att uppm\u00e4rksamma psykisk h\u00e4lsa. Det handlar mycket om ett f\u00f6rebyggande och att man kan f\u00e5 hj\u00e4lp innan det beh\u00f6ver g\u00e5 \u00f6ver styr. Ju fler man kan n\u00e5 ut till, desto b\u00e4ttre.<\/p>\n<p>Inf\u00f6r den andra halvan av landslagss\u00e4songen har Haak kunnat ladda batterierna under en tre veckor l\u00e5ng ledighet i juli. Hon har semestrat b\u00e5de p\u00e5 Sardinien och hemma i \u00c4ngelholm tillsammans med sin italienske pojkv\u00e4n Jacopo Preti.<\/p>\n<p>\u201dSamma livsstil\u201d<\/p>\n<p>Han spelar professionell basket i Vicenza i Serie B, vilket \u00e4r tredjedivisionen i Italien. Att dela livet med en elitidrottare underl\u00e4ttar, menar Haak, som har spelat f\u00f6r italienska Conegliano sedan 2022.<\/p>\n<p>\u2013 Det g\u00f6r att det \u00e4r l\u00e4ttare att relatera till varandra, s\u00e4ger hon och forts\u00e4tter:<\/p>\n<p>\u2013 Man har samma livsstil. Jag tror att man f\u00e5r en annan f\u00f6rst\u00e5else \u00e4n om man hade varit en \u201dvanlig\u201d m\u00e4nniska med ett vanligt jobb. Man har ju lite konstiga tider. Helgerna \u00e4r absolut inte lediga, det \u00e4r d\u00e5 man har match. Sedan \u00e4r vi b\u00e5da kanske lediga en m\u00e5ndag, vilket \u00e4r bra.<\/p>\n<p>\u201dSv\u00e5rt att ta medalj\u201d<\/p>\n<p>Efter en tr\u00e4ningsturnering i Sydkorea med matcher mot exempelvis Japan och Frankrike har landslaget nu landat i Bangkok. F\u00f6rutom Nederl\u00e4nderna v\u00e4ntar hemmanationen Thailand och Egypten i gruppspelet. De tv\u00e5 fr\u00e4msta i gruppen g\u00e5r till \u00e5ttondelsfinal.<\/p>\n<p>\u2013 Det \u00e4r klart att det \u00e4r sv\u00e5rt att ta medalj i ett VM, men det k\u00e4nns som att vi kan g\u00f6ra ett bra gruppspel, s\u00e4ger Isabelle Haak.<\/p>\n","protected":false},"excerpt":{"rendered":"Publicerad 21 aug 2025 kl 07.50Uppdaterad kl 07.56 Ett historiskt f\u00f6rsta v\u00e4rldsm\u00e4sterskap v\u00e4ntar f\u00f6r volleybolldamerna. Superstj\u00e4rnan Isabelle Haak&hellip;\n","protected":false},"author":2,"featured_media":10362,"comment_status":"","ping_status":"","sticky":false,"template":"","format":"standard","meta":{"footnotes":""},"categories":[68],"tags":[826,34,111,110,31,33,32,30],"class_list":{"0":"post-10361","1":"post","2":"type-post","3":"status-publish","4":"format-standard","5":"has-post-thumbnail","7":"category-sport","8":"tag-person-isabelle-haak","9":"tag-se","10":"tag-sport","11":"tag-sports","12":"tag-svenska","13":"tag-sverige","14":"tag-sweden","15":"tag-swedish"},"share_on_mastodon":{"url":"","error":""},"_links":{"self":[{"href":"https:\/\/www.europesays.com\/se\/wp-json\/wp\/v2\/posts\/10361","targetHints":{"allow":["GET"]}}],"collection":[{"href":"https:\/\/www.europesays.com\/se\/wp-json\/wp\/v2\/posts"}],"about":[{"href":"https:\/\/www.europesays.com\/se\/wp-json\/wp\/v2\/types\/post"}],"author":[{"embeddable":true,"href":"https:\/\/www.europesays.com\/se\/wp-json\/wp\/v2\/users\/2"}],"replies":[{"embeddable":true,"href":"https:\/\/www.europesays.com\/se\/wp-json\/wp\/v2\/comments?post=10361"}],"version-history":[{"count":0,"href":"https:\/\/www.europesays.com\/se\/wp-json\/wp\/v2\/posts\/10361\/revisions"}],"wp:featuredmedia":[{"embeddable":true,"href":"https:\/\/www.europesays.com\/se\/wp-json\/wp\/v2\/media\/10362"}],"wp:attachment":[{"href":"https:\/\/www.europesays.com\/se\/wp-json\/wp\/v2\/media?parent=10361"}],"wp:term":[{"taxonomy":"category","embeddable":true,"href":"https:\/\/www.europesays.com\/se\/wp-json\/wp\/v2\/categories?post=10361"},{"taxonomy":"post_tag","embeddable":true,"href":"https:\/\/www.europesays.com\/se\/wp-json\/wp\/v2\/tags?post=10361"}],"curies":[{"name":"wp","href":"https:\/\/api.w.org\/{rel}","templated":true}]}}