{"id":103611,"date":"2025-12-12T10:21:08","date_gmt":"2025-12-12T10:21:08","guid":{"rendered":"https:\/\/www.europesays.com\/se\/103611\/"},"modified":"2025-12-12T10:21:08","modified_gmt":"2025-12-12T10:21:08","slug":"sjuk-rav-tog-sig-in-pa-kontor-i-vasteras","status":"publish","type":"post","link":"https:\/\/www.europesays.com\/se\/103611\/","title":{"rendered":"Sjuk r\u00e4v tog sig in p\u00e5 kontor i V\u00e4ster\u00e5s"},"content":{"rendered":"<p class=\"sc-c25743f0-0 sc-e37c0145-2 hObFds DQgPn\">En stressad r\u00e4v har tagit sig in i en kontors- och restaurangbyggnad i V\u00e4ster\u00e5s.<\/p>\n<p class=\"sc-c25743f0-0 sc-e37c0145-2 hObFds DQgPn\">\u2013 Inringaren beskriver det som att r\u00e4ven ser sjuk ut, svansen h\u00e4nger som p\u00e5 r\u00e4var som har skabb, s\u00e4ger polisens presstalesperson Wayne Seretis.<\/p>\n<p class=\"sc-c25743f0-0 sc-e37c0145-2 hObFds DQgPn\">Flera personer ur personalen f\u00f6rs\u00f6kte mota ut r\u00e4ven med hj\u00e4lp av olika redskap. Men d\u00e5 gjorde den stressade och aggressiva r\u00e4ven utfall, vilket ledde till att personal ringde polisen.<\/p>\n<p class=\"sc-c25743f0-0 sc-e37c0145-2 hObFds DQgPn\">N\u00e4r patrull tillsammans med kommunj\u00e4gare kom till platsen var r\u00e4ven lugn och g\u00f6mde sig under n\u00e5gra m\u00f6bler.<\/p>\n<p class=\"sc-c25743f0-0 sc-e37c0145-2 hObFds DQgPn\">\u2013 D\u00e4r tar man beslut om att r\u00e4ven ska avlivas eftersom den verkar vara sjuk och inte g\u00e5r att f\u00e5 ut fr\u00e5n lokalen. Polisen har \u00f6verl\u00e4mnat ansvaret till j\u00e4garen och har l\u00e4mnat platsen, s\u00e4ger Wayne Seretis.<\/p>\n<p class=\"sc-c25743f0-0 sc-e37c0145-2 hObFds DQgPn\">Ingen person ska ha f\u00e5tt n\u00e5gra fysiska skador.<\/p>\n<p>Tipsa TV4 Nyheterna<\/p>\n<p class=\"sc-c25743f0-0 hObFds\">Har du bilder? Vet du mer? H\u00f6r av dig!<\/p>\n<p><img decoding=\"async\" loading=\"lazy\" alt=\"TV4 nyheterna ALFA\" width=\"132\" height=\"198\" src=\"https:\/\/www.europesays.com\/se\/wp-content\/uploads\/2025\/12\/1765534868_625_\" class=\"sc-718ae386-4 dGxWVi\"\/><\/p>\n","protected":false},"excerpt":{"rendered":"En stressad r\u00e4v har tagit sig in i en kontors- och restaurangbyggnad i V\u00e4ster\u00e5s. \u2013 Inringaren beskriver det&hellip;\n","protected":false},"author":2,"featured_media":77179,"comment_status":"","ping_status":"","sticky":false,"template":"","format":"standard","meta":{"footnotes":""},"categories":[12],"tags":[22,23,26,27,17,21,24,25,28,29,15,16,18,34,31,33,32,30,19,20],"class_list":{"0":"post-103611","1":"post","2":"type-post","3":"status-publish","4":"format-standard","5":"has-post-thumbnail","7":"category-sverige","8":"tag-breaking-news","9":"tag-breakingnews","10":"tag-featured-news","11":"tag-featurednews","12":"tag-headlines","13":"tag-huvudnyheter","14":"tag-latest-news","15":"tag-latestnews","16":"tag-main-news","17":"tag-mainnews","18":"tag-news","19":"tag-nyheter","20":"tag-rubriker","21":"tag-se","22":"tag-svenska","23":"tag-sverige","24":"tag-sweden","25":"tag-swedish","26":"tag-top-stories","27":"tag-topstories"},"share_on_mastodon":{"url":"https:\/\/pubeurope.com\/@se\/115706100990782256","error":""},"_links":{"self":[{"href":"https:\/\/www.europesays.com\/se\/wp-json\/wp\/v2\/posts\/103611","targetHints":{"allow":["GET"]}}],"collection":[{"href":"https:\/\/www.europesays.com\/se\/wp-json\/wp\/v2\/posts"}],"about":[{"href":"https:\/\/www.europesays.com\/se\/wp-json\/wp\/v2\/types\/post"}],"author":[{"embeddable":true,"href":"https:\/\/www.europesays.com\/se\/wp-json\/wp\/v2\/users\/2"}],"replies":[{"embeddable":true,"href":"https:\/\/www.europesays.com\/se\/wp-json\/wp\/v2\/comments?post=103611"}],"version-history":[{"count":0,"href":"https:\/\/www.europesays.com\/se\/wp-json\/wp\/v2\/posts\/103611\/revisions"}],"wp:featuredmedia":[{"embeddable":true,"href":"https:\/\/www.europesays.com\/se\/wp-json\/wp\/v2\/media\/77179"}],"wp:attachment":[{"href":"https:\/\/www.europesays.com\/se\/wp-json\/wp\/v2\/media?parent=103611"}],"wp:term":[{"taxonomy":"category","embeddable":true,"href":"https:\/\/www.europesays.com\/se\/wp-json\/wp\/v2\/categories?post=103611"},{"taxonomy":"post_tag","embeddable":true,"href":"https:\/\/www.europesays.com\/se\/wp-json\/wp\/v2\/tags?post=103611"}],"curies":[{"name":"wp","href":"https:\/\/api.w.org\/{rel}","templated":true}]}}