{"id":103612,"date":"2025-12-12T10:22:16","date_gmt":"2025-12-12T10:22:16","guid":{"rendered":"https:\/\/www.europesays.com\/se\/103612\/"},"modified":"2025-12-12T10:22:16","modified_gmt":"2025-12-12T10:22:16","slug":"ung-man-fick-hand-avhuggen-tva-anhallna","status":"publish","type":"post","link":"https:\/\/www.europesays.com\/se\/103612\/","title":{"rendered":"Ung man fick hand avhuggen \u2013 tv\u00e5 anh\u00e5llna"},"content":{"rendered":"<p class=\"boxtextgrotesk-root_baa6 hyperion-css-7pajle\">Uppdaterad 10.34 | Publicerad 10.27<\/p>\n<p>share-arrowDela<\/p>\n<p>unsaveSpara<\/p>\n<p class=\"hyperion-css-1shl3oz\" data-test-tag=\"lead-text\">En ung man fick sin hand avhuggen i Gr\u00f6ndal.<\/p>\n<p class=\"hyperion-css-1shl3oz\" data-test-tag=\"lead-text\">Nu har tv\u00e5 personer anh\u00e5llits misst\u00e4nkta f\u00f6r f\u00f6rs\u00f6k till mord.<\/p>\n<p class=\"hyperion-css-1shl3oz\" data-test-tag=\"lead-text\">De befann sig p\u00e5 Subway n\u00e4r de greps, enligt uppgifter.<\/p>\n<p><img decoding=\"async\" src=\"https:\/\/www.europesays.com\/se\/wp-content\/uploads\/2025\/12\/11a59372a4e75cf7a559f5254d745522.jpg\" class=\"thumbnail-image_fbfd thumbnail-portrait_fbfd\" alt=\"Uppgifter: Man fick handen avhuggen av machete\"\/><\/p>\n<p>Uppgifter: Man fick handen avhuggen av machete<\/p>\n<p>0:21<\/p>\n<p class=\"hyperion-css-1v9qo5x\">N\u00e4r f\u00f6rbipasserande fick syn p\u00e5 en ung man som l\u00e5g skadad mellan parkerna Trekanten och Vinterviken i s\u00f6dra <a data-test-tag=\"internal-link\" href=\"https:\/\/www.aftonbladet.se\/lokala-nyheter\/stockholm\" class=\"hyperion-css-15jkft9\" rel=\"nofollow noopener\" target=\"\" aria-label=\"Stockholm\">Stockholm<\/a> i f\u00f6rra veckan slog de larm. <\/p>\n<p class=\"hyperion-css-1v9qo5x\">Mannen, som \u00e4r i 20-\u00e5rs\u00e5ldern, var allvarligt skadad och fick f\u00f6ras till sjukhus. Enligt Aftonbladets uppgifter hade han f\u00e5tt sin hand avhuggen av en machete. Mannen ska enligt uppgifter \u00e4ven haft skador p\u00e5 bland annat armar, ben och tunga. <\/p>\n<p class=\"hyperion-css-1v9qo5x\">En man greps redan samma kv\u00e4ll misst\u00e4nkt f\u00f6r f\u00f6rs\u00f6k till mord. Han f\u00f6rsattes senare p\u00e5 fri fot.<\/p>\n<p>expand-left<\/p>\n<p>helsk\u00e4rm<img decoding=\"async\" class=\"image-asset hyperion-css-u06ts1\" data-test-tag=\"image-asset\" src=\"https:\/\/www.europesays.com\/se\/wp-content\/uploads\/2025\/12\/a2d4723c-4fee-40af-8726-6eb8659502b0\"  alt=\"\"  loading=\"eager\" fetchpriority=\"high\" style=\"aspect-ratio:1900 \/ 1267\"\/> Foto: Peter Wixtr\u00f6mUppgifter: Greps p\u00e5 Subway<\/p>\n<p class=\"hyperion-css-1v9qo5x\">Nu har ytterligare tv\u00e5 personer anh\u00e5llits och \u00e4r misst\u00e4nkta f\u00f6r f\u00f6rs\u00f6k till mord vilket framg\u00e5r i handlingar fr\u00e5n tingsr\u00e4tten. De greps under natten till torsdag n\u00e4r de befann sig p\u00e5 en <a data-test-tag=\"internal-link\" href=\"https:\/\/www.aftonbladet.se\/tagg\/subway\" class=\"hyperion-css-15jkft9\" rel=\"nofollow noopener\" target=\"\" aria-label=\"Subway\">Subway<\/a>-restaurang i Sundbyberg norr om Stockholm.<\/p>\n<p>expand-left<\/p>\n<p>helsk\u00e4rm<img decoding=\"async\" class=\"image-asset hyperion-css-u06ts1\" data-test-tag=\"image-asset\" src=\"https:\/\/www.europesays.com\/se\/wp-content\/uploads\/2025\/12\/96e29b90-33c9-4eef-af18-91b08a0c6803\"  alt=\"Polisinsatsen i s\u00f6dra Stockholm f\u00f6rra veckan.\"  loading=\"eager\" fetchpriority=\"high\" style=\"aspect-ratio:1900 \/ 1267\"\/>Polisinsatsen i s\u00f6dra Stockholm f\u00f6rra veckan. Foto: Peter Wixtr\u00f6m <\/p>\n<p class=\"hyperion-css-1v9qo5x\">\u2013\u00a0Nu forts\u00e4tter ett intensivt utredningsarbete. Utredningen befinner sig i ett k\u00e4nsligt l\u00e4ge och jag kan inte ge n\u00e5gon ytterligare information i nul\u00e4get, s\u00e4ger kammar\u00e5klagare Emma Hilmersson i ett pressmeddelande.<\/p>\n<p class=\"hyperion-css-1v9qo5x\">H\u00e4ndelsen \u00e4r enligt Aftonbladets uppgifter narkotikarelaterad och kopplas till g\u00e4ngkriminalitet.<\/p>\n<p class=\"hyperion-css-1v9qo5x\">Aftonbladet har ocks\u00e5 s\u00f6kt de misst\u00e4nktas advokater. <\/p>\n","protected":false},"excerpt":{"rendered":"Uppdaterad 10.34 | Publicerad 10.27 share-arrowDela unsaveSpara En ung man fick sin hand avhuggen i Gr\u00f6ndal. Nu har&hellip;\n","protected":false},"author":2,"featured_media":103613,"comment_status":"","ping_status":"","sticky":false,"template":"","format":"standard","meta":{"footnotes":""},"categories":[5],"tags":[22,23,26,27,17,21,24,25,28,29,15,16,18,34,31,33,32,30,19,20],"class_list":{"0":"post-103612","1":"post","2":"type-post","3":"status-publish","4":"format-standard","5":"has-post-thumbnail","7":"category-rubriker","8":"tag-breaking-news","9":"tag-breakingnews","10":"tag-featured-news","11":"tag-featurednews","12":"tag-headlines","13":"tag-huvudnyheter","14":"tag-latest-news","15":"tag-latestnews","16":"tag-main-news","17":"tag-mainnews","18":"tag-news","19":"tag-nyheter","20":"tag-rubriker","21":"tag-se","22":"tag-svenska","23":"tag-sverige","24":"tag-sweden","25":"tag-swedish","26":"tag-top-stories","27":"tag-topstories"},"share_on_mastodon":{"url":"https:\/\/pubeurope.com\/@se\/115706104860980660","error":""},"_links":{"self":[{"href":"https:\/\/www.europesays.com\/se\/wp-json\/wp\/v2\/posts\/103612","targetHints":{"allow":["GET"]}}],"collection":[{"href":"https:\/\/www.europesays.com\/se\/wp-json\/wp\/v2\/posts"}],"about":[{"href":"https:\/\/www.europesays.com\/se\/wp-json\/wp\/v2\/types\/post"}],"author":[{"embeddable":true,"href":"https:\/\/www.europesays.com\/se\/wp-json\/wp\/v2\/users\/2"}],"replies":[{"embeddable":true,"href":"https:\/\/www.europesays.com\/se\/wp-json\/wp\/v2\/comments?post=103612"}],"version-history":[{"count":0,"href":"https:\/\/www.europesays.com\/se\/wp-json\/wp\/v2\/posts\/103612\/revisions"}],"wp:featuredmedia":[{"embeddable":true,"href":"https:\/\/www.europesays.com\/se\/wp-json\/wp\/v2\/media\/103613"}],"wp:attachment":[{"href":"https:\/\/www.europesays.com\/se\/wp-json\/wp\/v2\/media?parent=103612"}],"wp:term":[{"taxonomy":"category","embeddable":true,"href":"https:\/\/www.europesays.com\/se\/wp-json\/wp\/v2\/categories?post=103612"},{"taxonomy":"post_tag","embeddable":true,"href":"https:\/\/www.europesays.com\/se\/wp-json\/wp\/v2\/tags?post=103612"}],"curies":[{"name":"wp","href":"https:\/\/api.w.org\/{rel}","templated":true}]}}