{"id":103616,"date":"2025-12-12T10:28:29","date_gmt":"2025-12-12T10:28:29","guid":{"rendered":"https:\/\/www.europesays.com\/se\/103616\/"},"modified":"2025-12-12T10:28:29","modified_gmt":"2025-12-12T10:28:29","slug":"100-000-evakueras-undan-oversvamningarna-i-washington-i-usa","status":"publish","type":"post","link":"https:\/\/www.europesays.com\/se\/103616\/","title":{"rendered":"100 000 evakueras undan \u00f6versv\u00e4mningarna i Washington i USA"},"content":{"rendered":"<p>V\u00e4dertj\u00e4nsten: Evakuera omedelbart! \u00c5k nu!<a data-test-tag=\"internal-link\" href=\"https:\/\/www.aftonbladet.se\/av\/christina-nordh\" class=\"hyperion-css-13ns1rr\" rel=\"nofollow noopener\" target=\"\" aria-label=\"Se alla artiklar av Christina Nordh\"><img decoding=\"async\" class=\"image-asset hyperion-css-n6kkq1\" data-test-tag=\"image-asset\" src=\"https:\/\/www.europesays.com\/se\/wp-content\/uploads\/2025\/12\/1765535307_200_3f1c9fd4-95cb-4dbf-8bea-120cdb20cf2f\"  alt=\"\"  loading=\"lazy\" fetchpriority=\"auto\" style=\"aspect-ratio:1900 \/ 1900\"\/><\/a><\/p>\n<p class=\"boxtextgrotesk-root_baa6 hyperion-css-7pajle\">Uppdaterad 10.49 | Publicerad 09.55<\/p>\n<p>share-arrowDela<\/p>\n<p>unsaveSpara<\/p>\n<p>expand-left<\/p>\n<p>helsk\u00e4rm<img decoding=\"async\" class=\"image-asset hyperion-css-u06ts1\" data-test-tag=\"image-asset\" src=\"https:\/\/www.europesays.com\/se\/wp-content\/uploads\/2025\/12\/531d2164-7636-46f4-aef2-53bb36e93014\"  alt=\"En ko dricker ur den \u00f6versv\u00e4mmade Snohomishfloden i Snohomish, Washington.\"  loading=\"eager\" fetchpriority=\"high\" style=\"aspect-ratio:1900 \/ 1288\"\/>En ko dricker ur den \u00f6versv\u00e4mmade Snohomishfloden i Snohomish, Washington. Foto: Stephen Brashear\/AP<\/p>\n<p class=\"hyperion-css-1shl3oz\" data-test-tag=\"lead-text\">\u00d6versv\u00e4mningarna i Washington \u00e4r historiska.<\/p>\n<p class=\"hyperion-css-1shl3oz\" data-test-tag=\"lead-text\">Och en katastrof hotar.<\/p>\n<p class=\"hyperion-css-1shl3oz\" data-test-tag=\"lead-text\">Nu evakueras 100\u00a0000 inv\u00e5nare i staten.<\/p>\n<p class=\"hyperion-css-1v9qo5x\">Det b\u00f6rjade med att atmosf\u00e4riska floderinfocloseatmosf\u00e4riska floderEn l\u00e5ng, smal korridor av koncentrerad vatten\u00e5nga i atmosf\u00e4ren, transporterar stora m\u00e4ngder fukt fr\u00e5n tropiska regioner. Ger ofta kraftiga regn eller sn\u00f6 n\u00e4r den n\u00e5r land. Kallas lokalt f\u00f6r \u201dPineapple Express\u201d. drog in \u00f6ver statens v\u00e4stkust och dr\u00e4nkte stora omr\u00e5den i skyfall i m\u00e5ndags. Mer \u00e4n ett dussin floder i staten hotar nu att sv\u00e4mma \u00f6ver sina br\u00e4ddar, enligt National Weather Service, NWS.<\/p>\n<p class=\"hyperion-css-1v9qo5x\">Tv\u00e5 av delstatens m\u00e4ktigaste floder, Snohomish och Skagit, har redan sv\u00e4mmat \u00f6ver.<\/p>\n<p class=\"hyperion-css-1v9qo5x\">Tidigt p\u00e5 fredagsmorgonen, svensk tid, gick NWS ut med en uppmaning p\u00e5 X om omedelbar evakuering f\u00f6r boende n\u00e4ra Skagitfloden.<\/p>\n<p class=\"hyperion-css-1v9qo5x\">\u2013\u00a0Evakuera omedelbart! Vattnet har tagit sig in norr om landsv\u00e4g 20. \u00c5k nu!<\/p>\n<p>Utropade undantagstillst\u00e5nd<\/p>\n<p class=\"hyperion-css-1v9qo5x\">I onsdags utropade <a data-test-tag=\"internal-link\" href=\"https:\/\/www.aftonbladet.se\/tagg\/washington\" class=\"hyperion-css-15jkft9\" rel=\"nofollow noopener\" target=\"\" aria-label=\"Washingtons\">Washingtons<\/a> guvern\u00f6r Bob Ferguson undantagstillst\u00e5nd i delstaten och kallade in National Guard f\u00f6r att unds\u00e4tta inv\u00e5narna.<\/p>\n<p class=\"hyperion-css-1v9qo5x\">\u2013 L\u00e4get \u00e4r extremt of\u00f6ruts\u00e4gbart. De \u00f6versv\u00e4mningsniv\u00e5er vi ser kan vara historiska, s\u00e4ger han.<\/p>\n<p class=\"hyperion-css-1v9qo5x\">Landsv\u00e4gar har skurits av och mer \u00e4n 30 landsv\u00e4gar har st\u00e4ngts av, m\u00e4ngder av jordskred har intr\u00e4ffat, enligt <a aria-label=\"NBC\" class=\"default hyperion-css-15jkft9\" href=\"https:\/\/www.nbcnews.com\/news\/us-news\/deja-vu-washington-flooding-hits-areas-still-rebuilding-2021-storms-rcna248676\" rel=\"noopener nofollow noreferrer\" data-test-tag=\"external-link\" target=\"_blank\">NBC<\/a>. T\u00e5gresor mellan bland annat Vancouver och <a data-test-tag=\"internal-link\" href=\"https:\/\/www.aftonbladet.se\/tagg\/seattle\" class=\"hyperion-css-15jkft9\" rel=\"nofollow noopener\" target=\"\" aria-label=\"Seattle\">Seattle<\/a> \u00e4r stoppade. Det finns ingen prognos f\u00f6r n\u00e4r trafiken kan vara ig\u00e5ng igen.<\/p>\n<p>chevron-leftf\u00f6reg\u00e5ende<\/p>\n<ul class=\"carousel-container-viewport\" style=\"transform:translate3d(0%, 0, 0)\">\n<li class=\"carousel-slide\" style=\"z-index:1;filter:none(1);padding-bottom:67.15789%\"><img decoding=\"async\" class=\"image-asset hyperion-css-u06ts1\" data-test-tag=\"image-asset\" src=\"https:\/\/www.europesays.com\/se\/wp-content\/uploads\/2025\/12\/81b0abdf-491f-4745-aba8-04638c8e3234\"  alt=\"\"  fetchpriority=\"auto\" style=\"aspect-ratio:1900 \/ 1276\"\/><\/li>\n<li class=\"carousel-slide\" style=\"filter:none(0.3);padding-bottom:67.15789%\"><img decoding=\"async\" class=\"image-asset hyperion-css-u06ts1\" data-test-tag=\"image-asset\" src=\"https:\/\/www.europesays.com\/se\/wp-content\/uploads\/2025\/12\/26f2682c-d5e4-4cfd-b5fe-a8f70296a351\"  alt=\"\"  fetchpriority=\"auto\" style=\"aspect-ratio:1900 \/ 1423\"\/><\/li>\n<\/ul>\n<p>expand-left<\/p>\n<p>helsk\u00e4rmchevron-rightn\u00e4staHus och en lada omgivna av \u00f6versv\u00e4mningsvatten i Snohomish.<\/p>\n<p>1 \/ 2Foto: Stephen Brashear\/AP<\/p>\n<p class=\"hyperion-css-1v9qo5x\">Ferguson har nu v\u00e4nt sig till Vita huset och uppmanar att ett federalt n\u00f6dl\u00e4ge utlyses p\u00e5 grund av de sv\u00e5ra \u00f6versv\u00e4mningarna. Det kr\u00e4vs att president Trump godk\u00e4nner hans beg\u00e4ran f\u00f6r att delstaten ska f\u00e5 akut katastrofhj\u00e4lp.<\/p>\n<p class=\"hyperion-css-1v9qo5x\">\u2013\u00a0Situationen \u00e4r extremt allvarlig. De kommande dagarna \u00e4r avg\u00f6rande. Jag vill uppmana alla inv\u00e5nare i Washington att noggrant lyssna p\u00e5 varningar fr\u00e5n ert l\u00e4n och fr\u00e5n krishanteringsmyndigheterna. Om ni f\u00e5r en evakueringsorder, f\u00f6lj den. Det \u00e4r avg\u00f6rande f\u00f6r er s\u00e4kerhet. Tack till alla f\u00f6rstainsatspersoner som \u00e4r ute i f\u00e4lt och hj\u00e4lper inv\u00e5narna i Washington, s\u00e4ger han.<\/p>\n<p>\u201d\u00c4r som d\u00e9j\u00e0 vu\u201d<\/p>\n<p class=\"hyperion-css-1v9qo5x\">Det lilla samh\u00e4llet Everson, med knappt 3\u00a0000 inv\u00e5nare, hade precis avslutat renoveringen av stadshuset efter de sv\u00e5ra atmosf\u00e4riska stormarna 2021. Nu st\u00e5r det under vatten igen.<\/p>\n<p class=\"hyperion-css-1v9qo5x\">\u2013 Det \u00e4r som d\u00e9j\u00e0 vu, s\u00e4ger borgm\u00e4stare <a aria-label=\"John Perry\" class=\"default hyperion-css-15jkft9\" href=\"https:\/\/www.nbcnews.com\/news\/us-news\/deja-vu-washington-flooding-hits-areas-still-rebuilding-2021-storms-rcna248676\" rel=\"noopener nofollow noreferrer\" data-test-tag=\"external-link\" target=\"_blank\">John Perry<\/a>.<\/p>\n<p class=\"hyperion-css-1v9qo5x\">Det var hans k\u00e4nsla n\u00e4r han s\u00e5g hur Nooksackfloden b\u00f6rjade sv\u00e4mma \u00f6ver gator, hem och f\u00f6retag i hans hemort f\u00f6r andra g\u00e5ngen p\u00e5 fyra \u00e5r.<\/p>\n<p class=\"hyperion-css-1v9qo5x\">\u2013\u00a0Vi r\u00e4knar med skador som \u00e4r liknande eller \u00e4nnu mer omfattande \u00e4n 2021.<\/p>\n<p>expand-left<\/p>\n<p>helsk\u00e4rm<img decoding=\"async\" class=\"image-asset hyperion-css-u06ts1\" data-test-tag=\"image-asset\" src=\"https:\/\/www.europesays.com\/se\/wp-content\/uploads\/2025\/12\/eebcfa01-8bb2-4e42-8e3e-8e78cbe1f509\"  alt=\"Delvis \u00f6versv\u00e4mmade bost\u00e4der och portabla toaletter i \u00f6versv\u00e4mningsvattnet i Snohomish.\"  loading=\"eager\" fetchpriority=\"high\" style=\"aspect-ratio:1900 \/ 1267\"\/>Delvis \u00f6versv\u00e4mmade bost\u00e4der och portabla toaletter i \u00f6versv\u00e4mningsvattnet i Snohomish. Foto: Stephen Brashear\/AP<\/p>\n<p class=\"hyperion-css-1v9qo5x\">Med klimatf\u00f6r\u00e4ndringarna har regnm\u00e4ngderna \u00f6kat och med dem sannolikheten f\u00f6r stora \u00f6versv\u00e4mningar. <\/p>\n<p class=\"hyperion-css-1v9qo5x\">Everson hade anlitat konsulter f\u00f6r att planera f\u00f6r ett komplext f\u00f6rd\u00e4mningssystem f\u00f6r att skydda mot en ny \u00f6versv\u00e4mningskatastrof.<\/p>\n<p class=\"hyperion-css-1v9qo5x\">\u2013\u00a0De skulle egentligen ha b\u00f6rjat i januari. Nu \u00e4r det redan f\u00f6r sent, s\u00e4ger Perry.<\/p>\n<p>\u201dPricken \u00f6ver i:et\u201d<\/p>\n<p class=\"hyperion-css-1v9qo5x\">De senaste dagarna har tv\u00e5 atmosf\u00e4riska stormar sl\u00e4ppt ifr\u00e5n sig upp\u00e5t 40 centimeter regn l\u00e4ngs v\u00e4stra Kaskadbergen, enligt NWS. Den f\u00f6rsta stormen intr\u00e4ffade i m\u00e5ndags och sm\u00e4lte sn\u00f6t\u00e4cket, h\u00f6jde vattenniv\u00e5n i floderna och orsakade jordskred.<\/p>\n<p class=\"hyperion-css-1v9qo5x\">\u2013\u00a0Den andra omg\u00e5ngen av regn, i onsdags, var verkligen pricken \u00f6ver i:et. F\u00f6rest\u00e4ll dig att Washington befinner sig i andra \u00e4nden av en tr\u00e4dg\u00e5rdsslang. Det \u00e4r det vi upplever, s\u00e4ger Harrison Rademacher, meteorolog p\u00e5 NWS i Seattle.<\/p>\n<p class=\"hyperion-css-1v9qo5x\">Regnen uppges forts\u00e4tta in i n\u00e4sta vecka.<\/p>\n<p>FAKTAKlimatf\u00f6r\u00e4ndringarna f\u00f6rv\u00e4rrar regnen<\/p>\n<ul class=\"hyperion-css-e9gx76\" data-test-tag=\"list\">\n<li class=\"hyperion-css-1d843yr\">Atmosf\u00e4riska floder orsakar skador p\u00e5 i genomsnitt 1,1 miljarder dollar i \u00f6versv\u00e4mningsskador per \u00e5r. I USA:s v\u00e4stra delstater \u00e4r 84 procent av alla \u00f6versv\u00e4mningsskador kopplade till atmosf\u00e4riska floder, visar forskning.<\/li>\n<li class=\"hyperion-css-1d843yr\">Forskarna anser att klimatf\u00f6r\u00e4ndringar p\u00e5verkar de atmosf\u00e4riska floderna, som ger mer intensiv nederb\u00f6rd eftersom en varmare atmosf\u00e4r kan h\u00e5lla mer vatten\u00e5nga.<\/li>\n<li class=\"hyperion-css-1d843yr\">Temperaturen stiger normalt sett n\u00e4r en atmosf\u00e4risk flod n\u00e5r land. I onsdags l\u00e5g temperaturen i Seattle p\u00e5 ungef\u00e4r tio grader \u00f6ver det normala.<\/li>\n<\/ul>\n<p>L\u00e4s mer<\/p>\n","protected":false},"excerpt":{"rendered":"V\u00e4dertj\u00e4nsten: Evakuera omedelbart! \u00c5k nu! Uppdaterad 10.49 | Publicerad 09.55 share-arrowDela unsaveSpara expand-left helsk\u00e4rmEn ko dricker ur den&hellip;\n","protected":false},"author":2,"featured_media":103617,"comment_status":"","ping_status":"","sticky":false,"template":"","format":"standard","meta":{"footnotes":""},"categories":[14],"tags":[22,23,26,27,17,21,24,25,28,29,15,16,18,34,31,33,32,30,19,20,51,52,53,54],"class_list":{"0":"post-103616","1":"post","2":"type-post","3":"status-publish","4":"format-standard","5":"has-post-thumbnail","7":"category-varlden","8":"tag-breaking-news","9":"tag-breakingnews","10":"tag-featured-news","11":"tag-featurednews","12":"tag-headlines","13":"tag-huvudnyheter","14":"tag-latest-news","15":"tag-latestnews","16":"tag-main-news","17":"tag-mainnews","18":"tag-news","19":"tag-nyheter","20":"tag-rubriker","21":"tag-se","22":"tag-svenska","23":"tag-sverige","24":"tag-sweden","25":"tag-swedish","26":"tag-top-stories","27":"tag-topstories","28":"tag-varlden","29":"tag-world","30":"tag-world-news","31":"tag-worldnews"},"share_on_mastodon":{"url":"https:\/\/pubeurope.com\/@se\/115706128815257534","error":""},"_links":{"self":[{"href":"https:\/\/www.europesays.com\/se\/wp-json\/wp\/v2\/posts\/103616","targetHints":{"allow":["GET"]}}],"collection":[{"href":"https:\/\/www.europesays.com\/se\/wp-json\/wp\/v2\/posts"}],"about":[{"href":"https:\/\/www.europesays.com\/se\/wp-json\/wp\/v2\/types\/post"}],"author":[{"embeddable":true,"href":"https:\/\/www.europesays.com\/se\/wp-json\/wp\/v2\/users\/2"}],"replies":[{"embeddable":true,"href":"https:\/\/www.europesays.com\/se\/wp-json\/wp\/v2\/comments?post=103616"}],"version-history":[{"count":0,"href":"https:\/\/www.europesays.com\/se\/wp-json\/wp\/v2\/posts\/103616\/revisions"}],"wp:featuredmedia":[{"embeddable":true,"href":"https:\/\/www.europesays.com\/se\/wp-json\/wp\/v2\/media\/103617"}],"wp:attachment":[{"href":"https:\/\/www.europesays.com\/se\/wp-json\/wp\/v2\/media?parent=103616"}],"wp:term":[{"taxonomy":"category","embeddable":true,"href":"https:\/\/www.europesays.com\/se\/wp-json\/wp\/v2\/categories?post=103616"},{"taxonomy":"post_tag","embeddable":true,"href":"https:\/\/www.europesays.com\/se\/wp-json\/wp\/v2\/tags?post=103616"}],"curies":[{"name":"wp","href":"https:\/\/api.w.org\/{rel}","templated":true}]}}