{"id":103618,"date":"2025-12-12T10:29:14","date_gmt":"2025-12-12T10:29:14","guid":{"rendered":"https:\/\/www.europesays.com\/se\/103618\/"},"modified":"2025-12-12T10:29:14","modified_gmt":"2025-12-12T10:29:14","slug":"har-kapar-de-ministerns-brevlada-helt-lagligt","status":"publish","type":"post","link":"https:\/\/www.europesays.com\/se\/103618\/","title":{"rendered":"H\u00e4r kapar de ministerns brevl\u00e5da \u2013 helt lagligt"},"content":{"rendered":"<p>Publicerad 12 dec 2025 kl 09.11Uppdaterad kl 09.16<\/p>\n<p>Migrationsminister Johan Forssell (M) har f\u00e5tt adressen till sin sommarstuga kapad \u2013 av<a href=\"https:\/\/www.hemhyra.se\/nyheter\/har-kapar-hem-hyra-ministerns-stugadress-sa-enkelt-var-det\/\" rel=\"nofollow noopener\" target=\"_blank\"> journalister p\u00e5 tidningen Hem &amp; Hyra<\/a>.\u00a0<\/p>\n<p>Efter n\u00e5gra dagar kunde de h\u00e4mta sin post fr\u00e5n ministerns brevl\u00e5da vid hans sommarstuga.\u00a0<\/p>\n<p>S\u00e4kerhetsluckan utnyttjas av kriminella som tj\u00e4nar pengar p\u00e5 att \u201ds\u00e4lja adresser\u201d till flyktingar.<\/p>\n<p><img   alt=\"\"\/><\/p>\n<p>Johan Forssell fick adressen till sitt fritidshus kapad av journalister p\u00e5 tidningen Hem &amp; Hyra.<\/p>\n<p>Foto: Anders Wiklund\/TT<\/p>\n<p>\u00d6ppna bild i helsk\u00e4rm<img loading=\"lazy\"   alt=\"\"\/><\/p>\n<p>Journalisterna kapade \u00e4ven adressen till Gunnar Str\u00f6mmer g\u00e5rd med n\u00e5gra knapptryck p\u00e5 Skatteverkets hemsida.<\/p>\n<p>Foto: Christine Olsson\/TT<\/p>\n<p>\u00d6ppna bild i helsk\u00e4rm<img loading=\"lazy\"   alt=\"\"\/><\/p>\n<p>Hem &amp; Hyras reporter Johan Fyrk h\u00e4mtar sin post fr\u00e5n migrationsminister Johan Forssells kapade brevl\u00e5da.<\/p>\n<p>Foto: Ida Karlsson\/Hem &amp; Hyra<\/p>\n<p>\u00d6ppna bild i helsk\u00e4rmArtikeln i korthet<\/p>\n<p> Hem &amp; Hyras journalister adresskapade migrationsminister Johan Forsells fritidshus och justitieminister Gunnar Str\u00f6mmers g\u00e5rd \u2013 helt lagligt.<\/p>\n<p> S\u00e4kerhetsluckan utnyttjas av kriminella f\u00f6r adresshandel.<\/p>\n<p> Hundratals adresser har kapats, ofta f\u00f6r flyktingar.<\/p>\n<p> Brev till journalisten hamnade i Johan Forssells brevl\u00e5da.<\/p>\n<p>Visa mer<\/p>\n<p>Hem &amp; Hyra har l\u00e5tit genomf\u00f6ra experimentet f\u00f6r att visa de allvarliga s\u00e4kerhetsluckor som finns i <a href=\"https:\/\/www.expressen.se\/tagg\/organization\/skatteverket\/\" class=\"\" rel=\"nofollow noopener\" target=\"_blank\">Skatteverkets<\/a> system f\u00f6r adress\u00e4ndringar.\u00a0<\/p>\n<p>Tidningen anv\u00e4nder Skatteverkets e-tj\u00e4nst f\u00f6r att l\u00e5ta registrera s\u00e4rskilda postadresser vid migrationsminister Johan Forssells fritidshus och justitieminister Gunnar Str\u00f6mmers (M) g\u00e5rd.\u00a0<\/p>\n<p>Efter att de legitimerat sig med bank-ID och anm\u00e4lt \u00e4ndringarna dr\u00f6jer det bara sekunder innan de f\u00e5r bekr\u00e4ftelse p\u00e5 att de bytt adresser till ministrarnas fritidshus och g\u00e5rd.\u00a0<\/p>\n<p>Det hela genomf\u00f6rs helt lagligt, bekr\u00e4ftar Skatteverket f\u00f6r tidningen.\u00a0<\/p>\n<p>S\u00e5 l\u00e4nge som man bara \u00e4ndrar adress och inte folkbokf\u00f6r sig p\u00e5 den nya dressen.\u00a0<\/p>\n<p>Och det kostar inte en krona.\u00a0<\/p>\n<p>Stugidyllen drabbades av hundratals skenskrivningar<\/p>\n<p>Sedan 2009 har kryph\u00e5let utnyttjats av kriminella som s\u00e4ljer ovetande personers adresser till nyanl\u00e4nda med os\u00e4kra boenden, enligt Hem &amp; Hyra, som <a href=\"https:\/\/www.hemhyra.se\/reportage\/stugidyllen-kapades-da-borjar-jakten-pa-mannen-i-teslan\/\" rel=\"nofollow noopener\" target=\"_blank\">tidigare rapporterat<\/a> om hur stugidyllen Vidja i s\u00f6dra Stockholm f\u00f6rvandlades till epicentrum f\u00f6r hundratals skenskrivningar. \u00a0\u00a0<\/p>\n<p>En Vidjabo med stuga som Hem &amp; Hyra pratat med hade fram till 2024 utsatts f\u00f6r 86 adresskapningar.\u00a0<\/p>\n<p>M\u00e5nga av de hundratals skenskrivningarna i Vidja g\u00e4llde ukrainska flyktingar, som f\u00f6r tidningen uppgett att de k\u00f6pt adresserna eftersom de inte haft m\u00f6jlighet att ta emot post p\u00e5 sina ordinarie boenden.\u00a0<\/p>\n<p><img loading=\"lazy\"   alt=\"\"\/><\/p>\n<p>Hem&amp;Hyras reportrar Ida Karlsson och John Fyrk kapar ministrars adress.<\/p>\n<p>Foto: Andr\u00e1s Frimmel\/Hem&amp;Hyra<\/p>\n<p>\u00d6ppna bild i helsk\u00e4rm<\/p>\n<p>S\u00e4ljaren pekas ut som en man som k\u00f6r en svart Tesla genom stugidyllen och vittjar brevl\u00e5dorna p\u00e5 flyktingarnas post, rapporterar Hem &amp; Hyra.\u00a0<\/p>\n<p>Omkring 200\u00a0000 personer kan vara felaktigt folkbokf\u00f6rda i Sverige enligt Skatteverket och adresskapningarna anv\u00e4nds \u00e4ven f\u00f6r storskalig pengatv\u00e4tt och identitetsst\u00f6lder.\u00a0<\/p>\n<p>H\u00e4mtar sin post \u2013 i Johan Forssells brevl\u00e5da<\/p>\n<p>Bara n\u00e5gra minuter efter journalisternas experiment har Kronofogden registrerat dem p\u00e5 ministrarnas adresser.\u00a0<\/p>\n<p>Dagen efter har \u00e4ven F\u00f6rs\u00e4kringskassan, Statens personadressregister, SPAR och de kommersiella s\u00f6ktj\u00e4nsterna Infotorg och Ratsit \u00e4ndrat journalisternas adresser till migrationsministerns fritidshus och justitieministerns g\u00e5rd.\u00a0<\/p>\n<p>Tre dagar efter adress\u00e4ndringen beger sig journalisterna till Johan Forssells stuga d\u00e4r de helt lagligt, s\u00e5 l\u00e4nge den inte \u00e4r l\u00e5st, kan \u00f6ppna hans brevl\u00e5da.\u00a0<\/p>\n<p>D\u00e4r finns ett brev fr\u00e5n Skatteverket till journalisten Johan Fyrk med det personbevis han best\u00e4llt.\u00a0<\/p>\n<p>Uppger att de tar \u201dkrafttag\u201d<\/p>\n<p>Forssell och Str\u00f6mmer har f\u00f6r Hem &amp; Hyra avb\u00f6jt att kommentera kapningarna av deras adresser.\u00a0<\/p>\n<p>\u201dVi tackar nej till att kommentera och h\u00e4nvisar till Finansdepartementet som \u00e4r ansvariga f\u00f6r lagstiftningen\u201d, skriver Johan Forssells pressekreterare Victoria Holmqvist till Expressen.\u00a0<\/p>\n<p>Skatteverkets presstj\u00e4nst uppger f\u00f6r tidningen att myndigheten vill ha \u201dsmidiga processer f\u00f6r den stora majoriteten som vill g\u00f6ra r\u00e4tt f\u00f6r sig\u201d och att de b\u00f6rjat ta \u201dkrafttag\u201d mot felaktiga folkbokf\u00f6ringar.\u00a0<\/p>\n","protected":false},"excerpt":{"rendered":"Publicerad 12 dec 2025 kl 09.11Uppdaterad kl 09.16 Migrationsminister Johan Forssell (M) har f\u00e5tt adressen till sin sommarstuga&hellip;\n","protected":false},"author":2,"featured_media":103619,"comment_status":"","ping_status":"","sticky":false,"template":"","format":"standard","meta":{"footnotes":""},"categories":[12],"tags":[22,23,26,27,17,21,24,25,212,28,29,15,16,4856,1459,1602,18,34,154,31,33,32,30,19,1307,205,20],"class_list":{"0":"post-103618","1":"post","2":"type-post","3":"status-publish","4":"format-standard","5":"has-post-thumbnail","7":"category-sverige","8":"tag-breaking-news","9":"tag-breakingnews","10":"tag-featured-news","11":"tag-featurednews","12":"tag-headlines","13":"tag-huvudnyheter","14":"tag-latest-news","15":"tag-latestnews","16":"tag-location-sverige","17":"tag-main-news","18":"tag-mainnews","19":"tag-news","20":"tag-nyheter","21":"tag-organization-skatteverket","22":"tag-person-gunnar-strommer","23":"tag-person-johan-forssell","24":"tag-rubriker","25":"tag-se","26":"tag-sections-sverige","27":"tag-svenska","28":"tag-sverige","29":"tag-sweden","30":"tag-swedish","31":"tag-top-stories","32":"tag-topic-bedrageri","33":"tag-topic-journalistik-medier","34":"tag-topstories"},"share_on_mastodon":{"url":"https:\/\/pubeurope.com\/@se\/115706132317080087","error":""},"_links":{"self":[{"href":"https:\/\/www.europesays.com\/se\/wp-json\/wp\/v2\/posts\/103618","targetHints":{"allow":["GET"]}}],"collection":[{"href":"https:\/\/www.europesays.com\/se\/wp-json\/wp\/v2\/posts"}],"about":[{"href":"https:\/\/www.europesays.com\/se\/wp-json\/wp\/v2\/types\/post"}],"author":[{"embeddable":true,"href":"https:\/\/www.europesays.com\/se\/wp-json\/wp\/v2\/users\/2"}],"replies":[{"embeddable":true,"href":"https:\/\/www.europesays.com\/se\/wp-json\/wp\/v2\/comments?post=103618"}],"version-history":[{"count":0,"href":"https:\/\/www.europesays.com\/se\/wp-json\/wp\/v2\/posts\/103618\/revisions"}],"wp:featuredmedia":[{"embeddable":true,"href":"https:\/\/www.europesays.com\/se\/wp-json\/wp\/v2\/media\/103619"}],"wp:attachment":[{"href":"https:\/\/www.europesays.com\/se\/wp-json\/wp\/v2\/media?parent=103618"}],"wp:term":[{"taxonomy":"category","embeddable":true,"href":"https:\/\/www.europesays.com\/se\/wp-json\/wp\/v2\/categories?post=103618"},{"taxonomy":"post_tag","embeddable":true,"href":"https:\/\/www.europesays.com\/se\/wp-json\/wp\/v2\/tags?post=103618"}],"curies":[{"name":"wp","href":"https:\/\/api.w.org\/{rel}","templated":true}]}}