{"id":103622,"date":"2025-12-12T10:31:10","date_gmt":"2025-12-12T10:31:10","guid":{"rendered":"https:\/\/www.europesays.com\/se\/103622\/"},"modified":"2025-12-12T10:31:10","modified_gmt":"2025-12-12T10:31:10","slug":"sa-forsoker-vi-minska-risken-for-suicid-svensk-farmaci","status":"publish","type":"post","link":"https:\/\/www.europesays.com\/se\/103622\/","title":{"rendered":"S\u00e5 f\u00f6rs\u00f6ker vi minska risken f\u00f6r suicid \u2013 Svensk Farmaci"},"content":{"rendered":"<p>\t\t\t\t<img alt=\"En person med axell\u00e5ngt h\u00e5r st\u00e5r framf\u00f6r ett f\u00f6nster med vita gardiner, dagsljus syns utanf\u00f6r.\" class=\"MediaWrapper-content BodyImage-imageObject\" src=\"https:\/\/www.europesays.com\/se\/wp-content\/uploads\/2025\/12\/gettyimages-2158254274.jpg\" data-lazy-load-target=\"content\" width=\"1060\" height=\"706\" loading=\"eager\" decoding=\"async\" fetchpriority=\"high\"\/><\/p>\n<p>\n\t\t\t\t\tL\u00e4kemedelsverket \u00e4r en av flera myndigheter som deltar i arbetet med den tio\u00e5riga nationella strategin inom psykisk h\u00e4lsa och suicidprevention.<br \/>\n\t\t\t\t\t\t\tFoto: Getty Images\n\t\t\t\t\t\t\t\t\t<\/p>\n<p><strong>L\u00e4kemedelsverket har under<\/strong> \u00e5ret lagt fokus p\u00e5 att fr\u00e4mja en \u00e4ndam\u00e5lsenlig l\u00e4kemedelsanv\u00e4ndning och att minska risken f\u00f6r att l\u00e4kemedel anv\u00e4nds i sj\u00e4lvskadande syfte. Arbetet \u00e4r i linje med myndighetens regeringsuppdrag om psykisk h\u00e4lsa och suicidprevention.<\/p>\n<p>\u2014 Psykisk h\u00e4lsa tillh\u00f6r v\u00e5ra viktigaste samh\u00e4llsfr\u00e5gor. Det h\u00e4r uppdraget \u00e4r mycket angel\u00e4get och fokus \u00e4r att utveckla och genomf\u00f6ra aktiviteter f\u00f6r att effektivt kunna arbeta b\u00e5de f\u00f6rebyggande och uppf\u00f6ljande, s\u00e4ger Lena Thunander Sundbom, projektledare f\u00f6r regeringsuppdraget, <a href=\"https:\/\/via.tt.se\/pressmeddelande\/4167782\/lakemedelsverket-redovisar-framsteg-inom-psykisk-halsa-och-suicidprevention?publisherId=3235477&amp;lang=sv\" data-type=\"link\" data-id=\"https:\/\/via.tt.se\/pressmeddelande\/4167782\/lakemedelsverket-redovisar-framsteg-inom-psykisk-halsa-och-suicidprevention?publisherId=3235477&amp;lang=sv\" rel=\"nofollow noopener\" target=\"_blank\">i ett pressmeddelande<\/a>. <\/p>\n<p>\n\t\tAnnons\t\t\t<\/p>\n<p>\t\t<a href=\"http:\/\/www.unimedicpharma.se\/melatonin\" data-ad-target=\"link\" class=\"Ad-content\" rel=\"sponsored nofollow noopener\" target=\"_blank\"><\/p>\n<p>\t\t\t\t<img alt=\"Annons\" class=\"MediaWrapper-content Ad-image\" src=\"https:\/\/www.europesays.com\/se\/wp-content\/uploads\/2025\/12\/1765535469_952_melatonin-banner-se-468x240-high.gif\" data-lazy-load-target=\"content\" width=\"468\" height=\"240\" loading=\"lazy\" decoding=\"async\" fetchpriority=\"auto\"\/><\/p>\n<p>\t\t<\/a><\/p>\n<p>\t\t\t\t\t<img alt=\"Lena Thunander Sundbom.\" class=\"MediaWrapper-content BodyImage-imageObject\" src=\"https:\/\/www.europesays.com\/se\/wp-content\/uploads\/2025\/12\/lenathunandersundblom.jpg\" data-lazy-load-target=\"content\" width=\"400\" height=\"500\" loading=\"lazy\" decoding=\"async\" fetchpriority=\"auto\"\/><\/p>\n<p>\n\t\t\t\t\tLena Thunander Sundbom \u00e4r projektledare f\u00f6r regeringsuppdraget om psykisk h\u00e4lsa och suicidprevention.<br \/>\n\t\t\t\t\t\t\tFoto: L\u00e4kemedelsverket\n\t\t\t\t\t\t\t\t\t<\/p>\n<p>L\u00e4kemedelsverket rapporterar att arbetet har lett till flera viktiga framsteg och myndigheten har bland annat:<\/p>\n<ul>\n<li>Genomf\u00f6rt en utredning om Giftinformationscentralens m\u00f6jlighet till uppf\u00f6ljning av centralens r\u00e5dgivning till sjukv\u00e5rden vid f\u00f6rgiftningar i sj\u00e4lvskadesyfte. Inf\u00f6randet av en uppgiftsskyldighet f\u00f6r h\u00e4lso- och sjukv\u00e5rden har f\u00f6reslagits.<\/li>\n<li>Genomf\u00f6rt studier om anv\u00e4ndningen av neuroleptika och melatonin hos barn, d\u00e5 f\u00f6rskrivningen har \u00f6kat, s\u00e4rskilt bland flickor, och sker ofta off label.<\/li>\n<li>Genomf\u00f6rt informationsinsatser f\u00f6r att \u00f6ka kunskapen bland ton\u00e5rsf\u00f6r\u00e4ldrar om vikten av s\u00e4ker f\u00f6rvaring av hemmets l\u00e4kemedel f\u00f6r att minska risken f\u00f6r l\u00e4kemedelsf\u00f6rgiftningar.<\/li>\n<li>Genomf\u00f6rt en kartl\u00e4ggning av vilka fr\u00e5gor om antidepressiva l\u00e4kemedel som inkommer till L\u00e4kemedelsupplysningen och information p\u00e5 svenska webbplatser. L\u00e4kemedelsverket ser att det finns ett behov av att utveckla informationen p\u00e5 L\u00e4kemedelsverkets webbplats f\u00f6r att b\u00e4ttre m\u00f6ta allm\u00e4nhetens behov.<\/li>\n<li>Genomf\u00f6rt studier tillsammans med R\u00e4ttsmedicinalverket f\u00f6r att \u00f6ka kunskapen om sambandet mellan d\u00f6dliga l\u00e4kemedelsf\u00f6rgiftningar och l\u00e4kemedel p\u00e5 recept eftersom recept p\u00e5 l\u00e4kemedlet som orsakat d\u00f6dsfallet var s\u00e4rskilt vanligt vid suicid.<\/li>\n<li>Genomf\u00f6rt unders\u00f6kningar f\u00f6r att \u00f6ka kunskapen om avledning av l\u00e4kemedel fr\u00e5n den legala kedjan, d\u00e5 en relativt stor andel av befolkningen har delat med med sig av l\u00e4kemedel eller k\u00f6pt l\u00e4kemedel fr\u00e5n n\u00e5gon de k\u00e4nner, vilket kan bidra till en \u00f6kad risk f\u00f6r skadligt bruk och f\u00f6rgiftningar.<\/li>\n<\/ul>\n<p>\u2014 Vi ser ett fortsatt stort och angel\u00e4get behov av att arbeta l\u00e5ngsiktigt med dessa fr\u00e5gor f\u00f6r att \u00f6ka kunskapen och m\u00f6jligg\u00f6ra en \u00e4ndam\u00e5lsenlig l\u00e4kemedelsanv\u00e4ndning och ett effektivt f\u00f6rebyggande arbete, s\u00e4ger Lena Thunander Sundbom i pressmeddelandet.<\/p>\n<p>L\u00e4s mer &gt;&gt;<\/p>\n<p><a href=\"https:\/\/www.svenskfarmaci.se\/2025\/11\/07\/farre-dodsfall-totalt-men-fler-dor-av-vanliga-lakemedel\/\" data-type=\"link\" data-id=\"https:\/\/www.svenskfarmaci.se\/2025\/11\/07\/farre-dodsfall-totalt-men-fler-dor-av-vanliga-lakemedel\/\" rel=\"nofollow noopener\" target=\"_blank\">F\u00e4rre d\u00f6dsfall totalt men fler d\u00f6r av vanliga l\u00e4kemedel<\/a><\/p>\n<p><a href=\"https:\/\/www.svenskfarmaci.se\/2025\/03\/20\/okad-kunskap-om-naloxon-ska-minska-dodligheten\/\" data-type=\"link\" data-id=\"https:\/\/www.svenskfarmaci.se\/2025\/03\/20\/okad-kunskap-om-naloxon-ska-minska-dodligheten\/\" rel=\"nofollow noopener\" target=\"_blank\">\u00d6kad kunskap om Naloxon ska minska d\u00f6dligheten<\/a><\/p>\n<p><a href=\"https:\/\/www.svenskfarmaci.se\/2025\/05\/06\/farre-dodsfall-kopplade-till-lakemedel-under-2024\/\" rel=\"nofollow noopener\" target=\"_blank\">F\u00e4rre d\u00f6dsfall kopplade till l\u00e4kemedel under 2024<\/a><\/p>\n<p><a href=\"https:\/\/www.svenskfarmaci.se\/2024\/07\/30\/naloxon-nu-receptfritt-som-bestallningsvara\/\" rel=\"nofollow noopener\" target=\"_blank\">Naloxon nu receptfritt som best\u00e4llningsvara<\/a><\/p>\n<p><a href=\"https:\/\/www.svenskfarmaci.se\/2024\/03\/19\/apoteken-valkomnar-naloxon-som-farmaceutsortiment\/\" rel=\"nofollow noopener\" target=\"_blank\">\u201cApoteken v\u00e4lkomnar naloxon som farmaceut\u00adsortiment\u201d<\/a><\/p>\n<p><a href=\"https:\/\/www.svenskfarmaci.se\/2023\/11\/30\/lakemedelsverket-svanger-naloxon-kan-saljas-receptfritt\/\" rel=\"nofollow noopener\" target=\"_blank\">L\u00e4kemedelsverket sv\u00e4nger \u00ad\u2013 naloxon kan s\u00e4ljas receptfritt<\/a><\/p>\n","protected":false},"excerpt":{"rendered":"L\u00e4kemedelsverket \u00e4r en av flera myndigheter som deltar i arbetet med den tio\u00e5riga nationella strategin inom psykisk h\u00e4lsa&hellip;\n","protected":false},"author":2,"featured_media":103623,"comment_status":"","ping_status":"","sticky":false,"template":"","format":"standard","meta":{"footnotes":""},"categories":[69],"tags":[113,112,34,31,33,32,30],"class_list":{"0":"post-103622","1":"post","2":"type-post","3":"status-publish","4":"format-standard","5":"has-post-thumbnail","7":"category-halsa","8":"tag-halsa","9":"tag-health","10":"tag-se","11":"tag-svenska","12":"tag-sverige","13":"tag-sweden","14":"tag-swedish"},"share_on_mastodon":{"url":"https:\/\/pubeurope.com\/@se\/115706140276343987","error":""},"_links":{"self":[{"href":"https:\/\/www.europesays.com\/se\/wp-json\/wp\/v2\/posts\/103622","targetHints":{"allow":["GET"]}}],"collection":[{"href":"https:\/\/www.europesays.com\/se\/wp-json\/wp\/v2\/posts"}],"about":[{"href":"https:\/\/www.europesays.com\/se\/wp-json\/wp\/v2\/types\/post"}],"author":[{"embeddable":true,"href":"https:\/\/www.europesays.com\/se\/wp-json\/wp\/v2\/users\/2"}],"replies":[{"embeddable":true,"href":"https:\/\/www.europesays.com\/se\/wp-json\/wp\/v2\/comments?post=103622"}],"version-history":[{"count":0,"href":"https:\/\/www.europesays.com\/se\/wp-json\/wp\/v2\/posts\/103622\/revisions"}],"wp:featuredmedia":[{"embeddable":true,"href":"https:\/\/www.europesays.com\/se\/wp-json\/wp\/v2\/media\/103623"}],"wp:attachment":[{"href":"https:\/\/www.europesays.com\/se\/wp-json\/wp\/v2\/media?parent=103622"}],"wp:term":[{"taxonomy":"category","embeddable":true,"href":"https:\/\/www.europesays.com\/se\/wp-json\/wp\/v2\/categories?post=103622"},{"taxonomy":"post_tag","embeddable":true,"href":"https:\/\/www.europesays.com\/se\/wp-json\/wp\/v2\/tags?post=103622"}],"curies":[{"name":"wp","href":"https:\/\/api.w.org\/{rel}","templated":true}]}}