{"id":103628,"date":"2025-12-12T10:38:16","date_gmt":"2025-12-12T10:38:16","guid":{"rendered":"https:\/\/www.europesays.com\/se\/103628\/"},"modified":"2025-12-12T10:38:16","modified_gmt":"2025-12-12T10:38:16","slug":"superak-av-vonn-mot-forsta-segern-pa-atta-ar-vasterbottens-kuriren","status":"publish","type":"post","link":"https:\/\/www.europesays.com\/se\/103628\/","title":{"rendered":"Super\u00e5k av Vonn \u2013 mot f\u00f6rsta segern p\u00e5 \u00e5tta \u00e5r &#8211; V\u00e4sterbottens-Kuriren"},"content":{"rendered":"<ol>\n<li><a href=\"https:\/\/news.google.com\/rss\/articles\/CBMihgFBVV95cUxQUUJpYWUzaVpsamlvSmx4NVlCWXdURHJDYmpZckQ3ZXhiWEotRUhXSFhuaFoxb3I0OEl2MlYwdUlacHZ4YWhRUTRlcjZXZFoxc0tHZ3hYZ2ZwbDZRRDYtSDFCb01OcmpPQlR6SmpOM2xEMlA5VkJnUnFFWTQ5M29nU2JHTlE2UQ?oc=5\" target=\"_blank\" rel=\"nofollow noopener\">Super\u00e5k av Vonn \u2013 mot f\u00f6rsta segern p\u00e5 \u00e5tta \u00e5r<\/a>&nbsp;&nbsp;V\u00e4sterbottens-Kuriren<\/li>\n<li><a href=\"https:\/\/news.google.com\/rss\/articles\/CBMirAFBVV95cUxNVkd1RmRaTVMzQV9PWThlU19wN3FhNjdxOWRsa2hOSGhRRkt3TXNpUVNRR3p6V3lnbmxpRHZZc0RYNnBwMWhTb3JRWWMwbHNGdlh2d2hmaTEwdUtmRDdhNVhYR0FtSmtSSHE1RVFQQVBDVkdpbUxwTnVHVksteFlBa1o4MG05eVJadEhWQWNsN0RZY21CNnBuZkttU3BQb2RuYnFyRlVSRmk5eGxn?oc=5\" target=\"_blank\" rel=\"nofollow noopener\">41-\u00e5riga Vonn tog f\u00f6rsta segern p\u00e5 \u00e5tta \u00e5r<\/a>&nbsp;&nbsp;Aftonbladet<\/li>\n<li><a href=\"https:\/\/news.google.com\/rss\/articles\/CBMid0FVX3lxTE85V3RjVV8tT0o0ajhSTXhZR3diSDUxdEtVUXZnank2ZTM1RGM0M0pwcjgxVXVSWEszVjRfZkpHSU9rbnZCckFFZDJLclI0YjNoSHFZbFJBMnc1b0E0Q0xrUmdhaG9EeDM2bWpydFBtazBpS1l5RHhj?oc=5\" target=\"_blank\" rel=\"nofollow noopener\">Chockas av Vonns super\u00e5k: \u201dV\u00e4rsta jag sett\u201d<\/a>&nbsp;&nbsp;Expressen<\/li>\n<li><a href=\"https:\/\/news.google.com\/rss\/articles\/CBMihgFBVV95cUxPUkZ1OWdqRFFOYUczWFk1MjFMdVRCRjBFaERIUVh2d0hvTllUUFNyUmxEekhGb19XVTZpaEJFTWFUaF9HSGNOckNhZUV5V2dQZnhUYTlNb3dSLURMYk9ZZ2I3MWtxbHZpSnFFNFdINnMwRDBVME80MjFUWWRiUDhLZWlGRkF0dw?oc=5\" target=\"_blank\" rel=\"nofollow noopener\">Alpint: Lindsey Vonns super\u00e5k \u2013 f\u00f6rsta vinsten sedan 2018<\/a>&nbsp;&nbsp;SVT Nyheter<\/li>\n<li><a href=\"https:\/\/news.google.com\/rss\/articles\/CBMinwFBVV95cUxNYXVfS29Fc0tRZnVST3lkRHQwT0ktQmZENlQ2ZE54LXl2R010ZktlcUVxZDJ5dlB4M0Etc1ZtR0d5VjgyaXJsQnNhbjFnTjFzTnoxR1M2RmNpMG9UNFRPX0ViQzkyOXlWT24yclUyVVRhZlRhX3Q1TFprOU5nYzFuVmNRTDc2dDNwN0VXbmREQ2Y0X2pZUG5pNHpNdjVKYWs?oc=5\" target=\"_blank\" rel=\"nofollow noopener\">Skidfenomenet Lindsey Vonn: Snabbast i St. Moritz vid 41 \u00e5rs \u00e5lder<\/a>&nbsp;&nbsp;\u0421\u043b\u043e\u0431\u043e\u0434\u0435\u043d \u043f\u0435\u0447\u0430\u0442<\/li>\n<\/ol>\n","protected":false},"excerpt":{"rendered":"Super\u00e5k av Vonn \u2013 mot f\u00f6rsta segern p\u00e5 \u00e5tta \u00e5r&nbsp;&nbsp;V\u00e4sterbottens-Kuriren 41-\u00e5riga Vonn tog f\u00f6rsta segern p\u00e5 \u00e5tta \u00e5r&nbsp;&nbsp;Aftonbladet&hellip;\n","protected":false},"author":2,"featured_media":103629,"comment_status":"","ping_status":"","sticky":false,"template":"","format":"standard","meta":{"footnotes":""},"categories":[5],"tags":[22,23,26,27,17,21,24,25,28,29,15,16,18,34,31,33,32,30,19,20],"class_list":{"0":"post-103628","1":"post","2":"type-post","3":"status-publish","4":"format-standard","5":"has-post-thumbnail","7":"category-rubriker","8":"tag-breaking-news","9":"tag-breakingnews","10":"tag-featured-news","11":"tag-featurednews","12":"tag-headlines","13":"tag-huvudnyheter","14":"tag-latest-news","15":"tag-latestnews","16":"tag-main-news","17":"tag-mainnews","18":"tag-news","19":"tag-nyheter","20":"tag-rubriker","21":"tag-se","22":"tag-svenska","23":"tag-sverige","24":"tag-sweden","25":"tag-swedish","26":"tag-top-stories","27":"tag-topstories"},"share_on_mastodon":{"url":"https:\/\/pubeurope.com\/@se\/115706167504944797","error":""},"_links":{"self":[{"href":"https:\/\/www.europesays.com\/se\/wp-json\/wp\/v2\/posts\/103628","targetHints":{"allow":["GET"]}}],"collection":[{"href":"https:\/\/www.europesays.com\/se\/wp-json\/wp\/v2\/posts"}],"about":[{"href":"https:\/\/www.europesays.com\/se\/wp-json\/wp\/v2\/types\/post"}],"author":[{"embeddable":true,"href":"https:\/\/www.europesays.com\/se\/wp-json\/wp\/v2\/users\/2"}],"replies":[{"embeddable":true,"href":"https:\/\/www.europesays.com\/se\/wp-json\/wp\/v2\/comments?post=103628"}],"version-history":[{"count":0,"href":"https:\/\/www.europesays.com\/se\/wp-json\/wp\/v2\/posts\/103628\/revisions"}],"wp:featuredmedia":[{"embeddable":true,"href":"https:\/\/www.europesays.com\/se\/wp-json\/wp\/v2\/media\/103629"}],"wp:attachment":[{"href":"https:\/\/www.europesays.com\/se\/wp-json\/wp\/v2\/media?parent=103628"}],"wp:term":[{"taxonomy":"category","embeddable":true,"href":"https:\/\/www.europesays.com\/se\/wp-json\/wp\/v2\/categories?post=103628"},{"taxonomy":"post_tag","embeddable":true,"href":"https:\/\/www.europesays.com\/se\/wp-json\/wp\/v2\/tags?post=103628"}],"curies":[{"name":"wp","href":"https:\/\/api.w.org\/{rel}","templated":true}]}}