{"id":103634,"date":"2025-12-12T10:43:17","date_gmt":"2025-12-12T10:43:17","guid":{"rendered":"https:\/\/www.europesays.com\/se\/103634\/"},"modified":"2025-12-12T10:43:17","modified_gmt":"2025-12-12T10:43:17","slug":"eu-forbud-om-vegoburgare-skjuts-upp-valdigt-rorigt","status":"publish","type":"post","link":"https:\/\/www.europesays.com\/se\/103634\/","title":{"rendered":"EU-f\u00f6rbud om vegoburgare skjuts upp: \u201dV\u00e4ldigt r\u00f6rigt\u201d"},"content":{"rendered":"<p>Vegoproducenter kommer att f\u00e5 forts\u00e4tta kalla sina v\u00e4xtbaserade produkter f\u00f6r korv och burgare \u2013 i alla fall ett tag till, uppger Politico. Under onsdagen tr\u00e4ffades EU-parlamentet och EU:s medlemsl\u00e4nder f\u00f6r att diskutera f\u00f6rbudet. M\u00f6tet avslutades utan att parterna kom \u00f6verens. <\/p>\n<p>Tj\u00e4nstem\u00e4n beskriver f\u00f6r Politico att f\u00f6rhandlingen hamnade i ett d\u00f6dl\u00e4ge efter att den franska liberalkonservativa politikern Celine Imart ville l\u00e4gga till \u201dnya villkor\u201d i f\u00f6rslaget. <\/p>\n<p>\u2013 Det var v\u00e4ldigt r\u00f6rigt, s\u00e4ger en tj\u00e4nsteman till Politico. <\/p>\n<p>Man kommer \u00e5teruppta f\u00f6rhandlingarna n\u00e4sta \u00e5r, rapporterar Deutsche Welle. <\/p>\n<p>Omni \u00e4r politiskt obundna och oberoende. Vi str\u00e4var efter att ge fler perspektiv p\u00e5 nyheterna. Har du fr\u00e5gor eller synpunkter kring v\u00e5r rapportering? <a href=\"https:\/\/omni.se\/eu-forhandling-om-vegoburgare-kollapsade-det-var-valdigt-rorigt\/a\/mailto:redaktion@omni.se\" class=\"ArticleActions_contactLink__W2F1M\" rel=\"nofollow noopener\" target=\"_blank\">Kontakta redaktionen<\/a><\/p>\n","protected":false},"excerpt":{"rendered":"Vegoproducenter kommer att f\u00e5 forts\u00e4tta kalla sina v\u00e4xtbaserade produkter f\u00f6r korv och burgare \u2013 i alla fall ett&hellip;\n","protected":false},"author":2,"featured_media":103635,"comment_status":"","ping_status":"","sticky":false,"template":"","format":"standard","meta":{"footnotes":""},"categories":[65],"tags":[72,70,71,73,3815,1141,267,940,34,31,33,32,30],"class_list":{"0":"post-103634","1":"post","2":"type-post","3":"status-publish","4":"format-standard","5":"has-post-thumbnail","7":"category-ekonomi","8":"tag-business","9":"tag-economy","10":"tag-ekonomi","11":"tag-eu","12":"tag-eu-parlamentet","13":"tag-eu-politik","14":"tag-europa","15":"tag-klimathotet","16":"tag-se","17":"tag-svenska","18":"tag-sverige","19":"tag-sweden","20":"tag-swedish"},"share_on_mastodon":{"url":"https:\/\/pubeurope.com\/@se\/115706187172296562","error":""},"_links":{"self":[{"href":"https:\/\/www.europesays.com\/se\/wp-json\/wp\/v2\/posts\/103634","targetHints":{"allow":["GET"]}}],"collection":[{"href":"https:\/\/www.europesays.com\/se\/wp-json\/wp\/v2\/posts"}],"about":[{"href":"https:\/\/www.europesays.com\/se\/wp-json\/wp\/v2\/types\/post"}],"author":[{"embeddable":true,"href":"https:\/\/www.europesays.com\/se\/wp-json\/wp\/v2\/users\/2"}],"replies":[{"embeddable":true,"href":"https:\/\/www.europesays.com\/se\/wp-json\/wp\/v2\/comments?post=103634"}],"version-history":[{"count":0,"href":"https:\/\/www.europesays.com\/se\/wp-json\/wp\/v2\/posts\/103634\/revisions"}],"wp:featuredmedia":[{"embeddable":true,"href":"https:\/\/www.europesays.com\/se\/wp-json\/wp\/v2\/media\/103635"}],"wp:attachment":[{"href":"https:\/\/www.europesays.com\/se\/wp-json\/wp\/v2\/media?parent=103634"}],"wp:term":[{"taxonomy":"category","embeddable":true,"href":"https:\/\/www.europesays.com\/se\/wp-json\/wp\/v2\/categories?post=103634"},{"taxonomy":"post_tag","embeddable":true,"href":"https:\/\/www.europesays.com\/se\/wp-json\/wp\/v2\/tags?post=103634"}],"curies":[{"name":"wp","href":"https:\/\/api.w.org\/{rel}","templated":true}]}}