{"id":103650,"date":"2025-12-12T11:01:19","date_gmt":"2025-12-12T11:01:19","guid":{"rendered":"https:\/\/www.europesays.com\/se\/103650\/"},"modified":"2025-12-12T11:01:19","modified_gmt":"2025-12-12T11:01:19","slug":"forsorjningskrav-vid-invandring-ska-skarpas","status":"publish","type":"post","link":"https:\/\/www.europesays.com\/se\/103650\/","title":{"rendered":"F\u00f6rs\u00f6rjningskrav vid invandring ska sk\u00e4rpas"},"content":{"rendered":"<p>share-arrowDela<\/p>\n<p>unsaveSpara<\/p>\n<p>expand-left<\/p>\n<p>helsk\u00e4rm<img decoding=\"async\" class=\"image-asset hyperion-css-u06ts1\" data-test-tag=\"image-asset\" src=\"https:\/\/www.europesays.com\/se\/wp-content\/uploads\/2025\/12\/bb350726-cae0-41ea-9bb4-4404a8c31c84\"  alt=\"Migrationsminister Johan Forssell (M). Arkivbild.\"  loading=\"eager\" fetchpriority=\"high\" style=\"aspect-ratio:1900 \/ 1266\"\/>Migrationsminister Johan Forssell (M). Arkivbild. Foto: Anders Wiklund\/TT<\/p>\n<p class=\"hyperion-css-1shl3oz\" data-test-tag=\"lead-text\">Regeringen och SD vill sk\u00e4rpa kraven f\u00f6r anh\u00f6riginvandring, bland annat genom att h\u00f6ja f\u00f6rs\u00f6rjningskravet med 30 procent.<\/p>\n<p class=\"hyperion-css-1shl3oz\" data-test-tag=\"lead-text\">\u2013 Det h\u00e4r \u00e4r en v\u00e4ldigt stor och viktig f\u00f6r\u00e4ndring, som kommer att ber\u00f6ra m\u00e5nga m\u00e4nniskor, s\u00e4ger migrationsminister Johan Forssell (M).<\/p>\n<p class=\"hyperion-css-1v9qo5x\">Regeringen skickar i dag ut ett f\u00f6rslag p\u00e5 remiss om att h\u00f6ja kravet p\u00e5 egen f\u00f6rs\u00f6rjning f\u00f6r att den med tillf\u00e4lligt eller permanent uppeh\u00e5llstillst\u00e5nd ska f\u00e5 ta en anh\u00f6rig till Sverige.<\/p>\n<p class=\"hyperion-css-1v9qo5x\">\u2013 Vi g\u00e5r fr\u00e5n en politik som p\u00e5 m\u00e5nga s\u00e4tt varit i det n\u00e4rmaste kravl\u00f6s och det har skapat stora problem, s\u00e4ger Forssell.<\/p>\n<p class=\"hyperion-css-1v9qo5x\">Syftet med sk\u00e4rpningen \u00e4r att fler m\u00e4nniskor ska f\u00f6rs\u00f6rja sig sj\u00e4lva och d\u00e4rmed underl\u00e4tta integrationen.<\/p>\n<p class=\"hyperion-css-1v9qo5x\">\u2013 N\u00e4r anh\u00f6riga kommer till Sverige har man alldeles f\u00f6r ofta hamnat i utanf\u00f6rskap, tr\u00e5ngboddhet och passivitet, s\u00e4ger Forssell.<\/p>\n<p>Fler sk\u00e4rpningar<\/p>\n<p class=\"hyperion-css-1v9qo5x\">I dag kr\u00e4vs en inkomst motsvarande det belopp man f\u00e5r beh\u00e5lla n\u00e4r man uts\u00e4tts f\u00f6r l\u00f6neutm\u00e4tning av Kronofogden, ett slags existensminimum, samt att man kan betala sina faktiska bostadskostnader.<\/p>\n<p class=\"hyperion-css-1v9qo5x\">Regeringens f\u00f6rslag inneb\u00e4r att delen som motsvarar f\u00f6rbeh\u00e5llsbeloppet vid utm\u00e4tning plussas p\u00e5 med 30 procent. En s\u00e5dan h\u00f6jning skulle f\u00f6r ett par utan barn inneb\u00e4ra ett f\u00f6rs\u00f6rjningskrav p\u00e5 13\u00a0285 kronor i st\u00e4llet f\u00f6r 10\u00a0219. D\u00e4rut\u00f6ver tillkommer kravet p\u00e5 att kunna betala sina bostadskostnader.<\/p>\n<p class=\"hyperion-css-1v9qo5x\">Regeringen vill ocks\u00e5 strama \u00e5t vilken typ av inkomst som godk\u00e4nns. Inkomst fr\u00e5n subventionerad anst\u00e4llning, ers\u00e4ttning fr\u00e5n a-kassa, aktivitetsst\u00f6d och andra ers\u00e4ttningar kopplat till arbetsl\u00f6shet ska inte l\u00e4ngre f\u00e5 r\u00e4knas in.<\/p>\n<p>Andra \u00e5tstramningar<\/p>\n<p class=\"hyperion-css-1v9qo5x\">Regeringen planerar ocks\u00e5 att g\u00e5 vidare med f\u00f6rslag p\u00e5 andra \u00e5tstramningar som en utredning lade fram i september, till exempel att den som vill ta hit en anh\u00f6rig ska ha bott i Sverige i minst tv\u00e5 \u00e5r. Utredningen f\u00f6respr\u00e5kade dock inte att \u00e4ven f\u00f6rs\u00f6rjningskravet ska h\u00f6jas.<\/p>\n<p class=\"hyperion-css-1v9qo5x\">\u2013 Det \u00e4r naturligt att m\u00e4nniskor som f\u00e5tt uppeh\u00e5llstillst\u00e5nd i Sverige vill \u00e5terf\u00f6renas med sina anh\u00f6riga, men det \u00e4r v\u00e4ldigt naturligt att det d\u00e5 ocks\u00e5 ska finnas en bostad av tillr\u00e4cklig storlek och tillr\u00e4cklig f\u00f6rs\u00f6rjning, s\u00e4ger Forssell.<\/p>\n<p class=\"hyperion-css-1v9qo5x\">De med flyktingstatus, en mindre del av de asyls\u00f6kande som bed\u00f6mts ha skyddsbehov,kommer som i dag kunna slippa f\u00f6rs\u00f6rjningskravet om de ans\u00f6ker om anh\u00f6riginvandring inom tre m\u00e5nader efter att de kommit till Sverige.<\/p>\n<p class=\"hyperion-css-1v9qo5x\">F\u00f6rslagen \u00e4r t\u00e4nkta att tr\u00e4da i kraft 2027.<\/p>\n","protected":false},"excerpt":{"rendered":"share-arrowDela unsaveSpara expand-left helsk\u00e4rmMigrationsminister Johan Forssell (M). Arkivbild. Foto: Anders Wiklund\/TT Regeringen och SD vill sk\u00e4rpa kraven f\u00f6r&hellip;\n","protected":false},"author":2,"featured_media":103651,"comment_status":"","ping_status":"","sticky":false,"template":"","format":"standard","meta":{"footnotes":""},"categories":[12],"tags":[22,23,26,27,17,21,24,25,28,29,15,16,18,34,31,33,32,30,19,20],"class_list":{"0":"post-103650","1":"post","2":"type-post","3":"status-publish","4":"format-standard","5":"has-post-thumbnail","7":"category-sverige","8":"tag-breaking-news","9":"tag-breakingnews","10":"tag-featured-news","11":"tag-featurednews","12":"tag-headlines","13":"tag-huvudnyheter","14":"tag-latest-news","15":"tag-latestnews","16":"tag-main-news","17":"tag-mainnews","18":"tag-news","19":"tag-nyheter","20":"tag-rubriker","21":"tag-se","22":"tag-svenska","23":"tag-sverige","24":"tag-sweden","25":"tag-swedish","26":"tag-top-stories","27":"tag-topstories"},"share_on_mastodon":{"url":"https:\/\/pubeurope.com\/@se\/115706258167542482","error":""},"_links":{"self":[{"href":"https:\/\/www.europesays.com\/se\/wp-json\/wp\/v2\/posts\/103650","targetHints":{"allow":["GET"]}}],"collection":[{"href":"https:\/\/www.europesays.com\/se\/wp-json\/wp\/v2\/posts"}],"about":[{"href":"https:\/\/www.europesays.com\/se\/wp-json\/wp\/v2\/types\/post"}],"author":[{"embeddable":true,"href":"https:\/\/www.europesays.com\/se\/wp-json\/wp\/v2\/users\/2"}],"replies":[{"embeddable":true,"href":"https:\/\/www.europesays.com\/se\/wp-json\/wp\/v2\/comments?post=103650"}],"version-history":[{"count":0,"href":"https:\/\/www.europesays.com\/se\/wp-json\/wp\/v2\/posts\/103650\/revisions"}],"wp:featuredmedia":[{"embeddable":true,"href":"https:\/\/www.europesays.com\/se\/wp-json\/wp\/v2\/media\/103651"}],"wp:attachment":[{"href":"https:\/\/www.europesays.com\/se\/wp-json\/wp\/v2\/media?parent=103650"}],"wp:term":[{"taxonomy":"category","embeddable":true,"href":"https:\/\/www.europesays.com\/se\/wp-json\/wp\/v2\/categories?post=103650"},{"taxonomy":"post_tag","embeddable":true,"href":"https:\/\/www.europesays.com\/se\/wp-json\/wp\/v2\/tags?post=103650"}],"curies":[{"name":"wp","href":"https:\/\/api.w.org\/{rel}","templated":true}]}}