{"id":103652,"date":"2025-12-12T11:02:08","date_gmt":"2025-12-12T11:02:08","guid":{"rendered":"https:\/\/www.europesays.com\/se\/103652\/"},"modified":"2025-12-12T11:02:08","modified_gmt":"2025-12-12T11:02:08","slug":"jamtland-nast-samst-i-landet-pa-att-locka-elever-till-teknik-och-naturprogram","status":"publish","type":"post","link":"https:\/\/www.europesays.com\/se\/103652\/","title":{"rendered":"J\u00e4mtland n\u00e4st s\u00e4mst i landet p\u00e5 att locka elever till teknik- och naturprogram"},"content":{"rendered":"<p>I februari i \u00e5r satte regeringen upp ett m\u00e5l: \u00c5r 2035\u00a0ska 25 procent av alla f\u00f6rsta\u00e5rselever p\u00e5 gymnasiet g\u00e5 naturvetenskap- eller teknikprogrammet. Idag ligger riksnittet p\u00e5 21 procent, enligt en kartl\u00e4ggning gjord av fackf\u00f6rbundet Sveriges ingenj\u00f6rer. <\/p>\n<p>Ned\u00e5tg\u00e5ende trend<\/p>\n<p>Men trots att man vill f\u00e5 upp den siffran g\u00e5r trenden ist\u00e4llet \u00e5t andra h\u00e5llet. Inget l\u00e4n i Sverige n\u00e5r just nu m\u00e5len. Gotland \u00e4r s\u00e4mst p\u00e5 att locka elever till natur- och teknik-programmen. D\u00e4refter kommer J\u00e4mtlands l\u00e4n.<\/p>\n<p>\u2013 F\u00f6r mig var det inte ett alternativ (med natur\/teknik) f\u00f6r att jag \u00e4r ingen stor supporter av matematik, s\u00e4ger Jack Borgefj\u00e4ll, som l\u00e4ser samh\u00e4llsprogrammet p\u00e5 J\u00e4mtlands gymnasium. <\/p>\n<p>\u201dBekymmersamt\u201d<\/p>\n<p>F\u00f6rbundsdirekt\u00f6ren p\u00e5 J\u00e4mtlands gymnasium, Mikael Cederberg, tycker det \u00e4r bekymmersamt och vill g\u00f6ra n\u00e5got \u00e5t saken. <\/p>\n<p>\u2013 Vi har nu s\u00e5 sent som i h\u00f6stas bjudit in alla matte och NO-l\u00e4rare i h\u00f6gstadiet f\u00f6r att starta ett samarbete f\u00f6r att hitta s\u00e4tt att f\u00e5 elever mer intresserade f\u00f6r de h\u00e4r \u00e4mnena, s\u00e4ger han. <\/p>\n<p>Enligt lag ska gymnasieskolans utbud l\u00e4ggas utifr\u00e5n b\u00e5de elevernas intresse men ocks\u00e5 arbetsmarknadens behov. <\/p>\n<p>\u2013 Men d\u00e5 g\u00e4ller det ocks\u00e5 att f\u00e5 folk att s\u00f6ka de linjerna, s\u00e4ger Mikael Cederberg. <\/p>\n<p>Sveriges ingenj\u00f6rer har gjort en sammanst\u00e4llning av hur stor andel av alla f\u00f6rsta\u00e5rsstuderande som g\u00e5r natur- och teknikprogrammet. <\/p>\n<p>I J\u00e4mtlands l\u00e4n var andelen 18,2% 2019, 2024 hade det sjunkit till 13,8%,<\/p>\n<p>Ort 2019\u00a0 2024 <\/p>\n<p>Berg 24,1 % 18,8 % <br \/>H\u00e4rjedalen 15,3 % 23,8 %<br \/>Str\u00f6msund 14,6 % 11,5 %<br \/>\u00c5re 26,7 % 21,6 %<br \/>\u00d6stersund 20,0 % 14,8 % <br \/>Det finns inte natur- eller teknikprogram i l\u00e4nets alla kommuner. <\/p>\n<p>K\u00e4lla: Sveriges ingenj\u00f6rer<\/p>\n","protected":false},"excerpt":{"rendered":"I februari i \u00e5r satte regeringen upp ett m\u00e5l: \u00c5r 2035\u00a0ska 25 procent av alla f\u00f6rsta\u00e5rselever p\u00e5 gymnasiet&hellip;\n","protected":false},"author":2,"featured_media":103653,"comment_status":"","ping_status":"","sticky":false,"template":"","format":"standard","meta":{"footnotes":""},"categories":[5],"tags":[22,23,26,27,17,21,24,25,28,29,15,16,18,34,31,33,32,30,19,20],"class_list":{"0":"post-103652","1":"post","2":"type-post","3":"status-publish","4":"format-standard","5":"has-post-thumbnail","7":"category-rubriker","8":"tag-breaking-news","9":"tag-breakingnews","10":"tag-featured-news","11":"tag-featurednews","12":"tag-headlines","13":"tag-huvudnyheter","14":"tag-latest-news","15":"tag-latestnews","16":"tag-main-news","17":"tag-mainnews","18":"tag-news","19":"tag-nyheter","20":"tag-rubriker","21":"tag-se","22":"tag-svenska","23":"tag-sverige","24":"tag-sweden","25":"tag-swedish","26":"tag-top-stories","27":"tag-topstories"},"share_on_mastodon":{"url":"https:\/\/pubeurope.com\/@se\/115706261922660913","error":""},"_links":{"self":[{"href":"https:\/\/www.europesays.com\/se\/wp-json\/wp\/v2\/posts\/103652","targetHints":{"allow":["GET"]}}],"collection":[{"href":"https:\/\/www.europesays.com\/se\/wp-json\/wp\/v2\/posts"}],"about":[{"href":"https:\/\/www.europesays.com\/se\/wp-json\/wp\/v2\/types\/post"}],"author":[{"embeddable":true,"href":"https:\/\/www.europesays.com\/se\/wp-json\/wp\/v2\/users\/2"}],"replies":[{"embeddable":true,"href":"https:\/\/www.europesays.com\/se\/wp-json\/wp\/v2\/comments?post=103652"}],"version-history":[{"count":0,"href":"https:\/\/www.europesays.com\/se\/wp-json\/wp\/v2\/posts\/103652\/revisions"}],"wp:featuredmedia":[{"embeddable":true,"href":"https:\/\/www.europesays.com\/se\/wp-json\/wp\/v2\/media\/103653"}],"wp:attachment":[{"href":"https:\/\/www.europesays.com\/se\/wp-json\/wp\/v2\/media?parent=103652"}],"wp:term":[{"taxonomy":"category","embeddable":true,"href":"https:\/\/www.europesays.com\/se\/wp-json\/wp\/v2\/categories?post=103652"},{"taxonomy":"post_tag","embeddable":true,"href":"https:\/\/www.europesays.com\/se\/wp-json\/wp\/v2\/tags?post=103652"}],"curies":[{"name":"wp","href":"https:\/\/api.w.org\/{rel}","templated":true}]}}