{"id":103654,"date":"2025-12-12T11:08:28","date_gmt":"2025-12-12T11:08:28","guid":{"rendered":"https:\/\/www.europesays.com\/se\/103654\/"},"modified":"2025-12-12T11:08:28","modified_gmt":"2025-12-12T11:08:28","slug":"bnp-paribas-exane-hojer-riktkursen-for-volvo-cars-till-24-kronor-16-upprepar-underperform-bn-placera-se","status":"publish","type":"post","link":"https:\/\/www.europesays.com\/se\/103654\/","title":{"rendered":"BNP Paribas Exane h\u00f6jer riktkursen f\u00f6r Volvo Cars till 24 kronor (16), upprepar underperform &#8211; BN &#8211; Placera.se"},"content":{"rendered":"<ol>\n<li><a href=\"https:\/\/news.google.com\/rss\/articles\/CBMi2wFBVV95cUxNbWhCcmx3UmRoUkVJYUNKX0tGdy1qR3J6QUhjaGJrYlhqOTl2eG01RkN2Zl82Z1JyTS1ac2RCVkhoQndaWDlfTmxjNmg1SVZyRFM1Z2dSRHpWdDFkSDJfc05oY19JRGhKdmRNbXdZMkxjaHlSUU1McTlOWUpjX05OZ1ByMTQ3NG1ENW9uR3A2dFg0OExheV9MaEhicUtpMl9WR0hqUU81NVh0V0d6ZDl4Rmp4UTQ4aDdvVUtveVBVYUJHX0pPTkxmU19ZT1dqOE0tVUl1Q3VKM3d2N1k?oc=5\" target=\"_blank\" rel=\"nofollow noopener\">BNP Paribas Exane h\u00f6jer riktkursen f\u00f6r Volvo Cars till 24 kronor (16), upprepar underperform &#8211; BN<\/a>&nbsp;&nbsp;Placera.se<\/li>\n<li><a href=\"https:\/\/news.google.com\/rss\/articles\/CBMiekFVX3lxTE1Ibk9JcldIbTFieXlfTXhLbE1nUTRSX2VyVUF2eEpHLXZfUlNBd2tNckx5X0tOWl92ZWE1QmFoS1hJR2NBaExFUDF0SThkSmtkbE13RUNQVmh4NGUtQk9vZGhDRGIwM0J0TzQ3YVNWSExvczhVNG9Yd3Rn?oc=5\" target=\"_blank\" rel=\"nofollow noopener\">H\u00f6jd riktkurs f\u00f6r Volvo Cars<\/a>&nbsp;&nbsp;Placera.se<\/li>\n<li><a href=\"https:\/\/news.google.com\/rss\/articles\/CBMiiAFBVV95cUxNbm1zbkdJaGlhNnFZOTQ1cmRaMC1WVGlVLTVsVU5XXzlKY3VLS0tPMFdScnJOS29EM2lkc3VpTjdNcnlwS2JzcF82Znk4UFBUbXNMSDNtYnhzcDJHS0ZEMmpPUU5wRlQ0OFo1ZGJJbGdxcVpqT0pGdE1xUlhEa05WMWNJazdULThm?oc=5\" target=\"_blank\" rel=\"nofollow noopener\">EU-ja till svensk plan f\u00f6r elbilsst\u00f6d<\/a>&nbsp;&nbsp;Aftonbladet<\/li>\n<li><a href=\"https:\/\/news.google.com\/rss\/articles\/CBMigAFBVV95cUxPNS1JOUdEcmtyeTB2cjFzU3RSVnMwdS0yQWdWQVdPZ2hGV1dVTUQ2NXZLTmw3SkVCbWZ3eHppWUZ5eGVKd3pUM0l3NmVSemc4WHlGMUJVUzZYbUp3VkFvQmNLbHREY3pNeUFnRVVSNXFXd1NVSXJtYjNRaGwxN1Qycg?oc=5\" target=\"_blank\" rel=\"nofollow noopener\">EU ger gr\u00f6nt ljus till Sveriges sociala klimatplan<\/a>&nbsp;&nbsp;Omni<\/li>\n<li><a href=\"https:\/\/news.google.com\/rss\/articles\/CBMifEFVX3lxTFBsSHFvZGlNdm80NjZ2MDFfeFNLd3Jna284RXZsQ25JbGx4aHhsMWVhNV9Md1ItcWVQVzlYWU5VWi1ScnlJZk40bWlvTnJCZ2lONWlfLTdLd3JYMmhvRkIzc0RXQVdadm9ZeENlaDJYREw3d3JHX3lxd25BSmc?oc=5\" target=\"_blank\" rel=\"nofollow noopener\">Nya elbilsbonusen f\u00f6rsenas \u2013 klar f\u00f6rst till v\u00e5ren<\/a>&nbsp;&nbsp;DI<\/li>\n<\/ol>\n","protected":false},"excerpt":{"rendered":"BNP Paribas Exane h\u00f6jer riktkursen f\u00f6r Volvo Cars till 24 kronor (16), upprepar underperform &#8211; BN&nbsp;&nbsp;Placera.se H\u00f6jd riktkurs&hellip;\n","protected":false},"author":2,"featured_media":77249,"comment_status":"","ping_status":"","sticky":false,"template":"","format":"standard","meta":{"footnotes":""},"categories":[65],"tags":[72,70,71,34,31,33,32,30],"class_list":{"0":"post-103654","1":"post","2":"type-post","3":"status-publish","4":"format-standard","5":"has-post-thumbnail","7":"category-ekonomi","8":"tag-business","9":"tag-economy","10":"tag-ekonomi","11":"tag-se","12":"tag-svenska","13":"tag-sverige","14":"tag-sweden","15":"tag-swedish"},"share_on_mastodon":{"url":"https:\/\/pubeurope.com\/@se\/115706285661036510","error":""},"_links":{"self":[{"href":"https:\/\/www.europesays.com\/se\/wp-json\/wp\/v2\/posts\/103654","targetHints":{"allow":["GET"]}}],"collection":[{"href":"https:\/\/www.europesays.com\/se\/wp-json\/wp\/v2\/posts"}],"about":[{"href":"https:\/\/www.europesays.com\/se\/wp-json\/wp\/v2\/types\/post"}],"author":[{"embeddable":true,"href":"https:\/\/www.europesays.com\/se\/wp-json\/wp\/v2\/users\/2"}],"replies":[{"embeddable":true,"href":"https:\/\/www.europesays.com\/se\/wp-json\/wp\/v2\/comments?post=103654"}],"version-history":[{"count":0,"href":"https:\/\/www.europesays.com\/se\/wp-json\/wp\/v2\/posts\/103654\/revisions"}],"wp:featuredmedia":[{"embeddable":true,"href":"https:\/\/www.europesays.com\/se\/wp-json\/wp\/v2\/media\/77249"}],"wp:attachment":[{"href":"https:\/\/www.europesays.com\/se\/wp-json\/wp\/v2\/media?parent=103654"}],"wp:term":[{"taxonomy":"category","embeddable":true,"href":"https:\/\/www.europesays.com\/se\/wp-json\/wp\/v2\/categories?post=103654"},{"taxonomy":"post_tag","embeddable":true,"href":"https:\/\/www.europesays.com\/se\/wp-json\/wp\/v2\/tags?post=103654"}],"curies":[{"name":"wp","href":"https:\/\/api.w.org\/{rel}","templated":true}]}}