{"id":103658,"date":"2025-12-12T11:15:11","date_gmt":"2025-12-12T11:15:11","guid":{"rendered":"https:\/\/www.europesays.com\/se\/103658\/"},"modified":"2025-12-12T11:15:11","modified_gmt":"2025-12-12T11:15:11","slug":"gammal-smuts-i-rymden-kan-ge-massor-av-stjarnfall-men-molnen-staller-till-det-osterbotten","status":"publish","type":"post","link":"https:\/\/www.europesays.com\/se\/103658\/","title":{"rendered":"Gammal smuts i rymden kan ge massor av stj\u00e4rnfall \u2013 men molnen st\u00e4ller till det | \u00d6sterbotten"},"content":{"rendered":"<p class=\"aw-1gybjub aw-5vja16 kEtdKx kmuxyA yle__article__paragraph\">Den 12-14 december m\u00f6ter jordens omloppsbana en m\u00e4ngd smutspartiklar som skapar meteorregnet Geminiderna. Vid klart v\u00e4der kan man se m\u00e5nga stj\u00e4rnfall.<\/p>\n<p><img decoding=\"async\" alt=\"En leende man if\u00f6rd orange vinterjacka och fotograferad utomhus i gryningsljus en vintermorgon.\" src=\"https:\/\/www.europesays.com\/se\/wp-content\/uploads\/2025\/12\/39-1568590693bddf0da86a.jpeg\" class=\"aw-1l9m598 hKVVvP\"\/><\/p>\n<p>\u00d6ppna bildvisare<\/p>\n<p>Hans Lind\u00e9n har fascinerats av stj\u00e4rnor \u00e4nda sedan han var barn. Bild: Erika R\u00f6nng\u00e5rd \/ YleLyssna (du h\u00f6r en artificiell r\u00f6st) 3:15<\/p>\n<p class=\"aw-1gybjub aw-1p7kakr kEtdKx cEmitX yle__article__paragraph\">Den som tittar upp mot den m\u00f6rka himlen i klart v\u00e4der under de n\u00e4rmaste dagarna har st\u00f6rre chans \u00e4n vanligt att f\u00e5 syn p\u00e5 det som brukar kallas stj\u00e4rnfall. Det h\u00e4r beror p\u00e5 Geminiderna, ett \u00e5rligen \u00e5terkommande meteorregn som \u00e4r synligt mellan den 12 och 14 december.<\/p>\n<p class=\"aw-1gybjub aw-1p7kakr kEtdKx cEmitX yle__article__paragraph\">Meteorregn beror p\u00e5 gammalt skr\u00e4p i rymden: pyttesm\u00e5 sandkorn eller enstaka gruskorn, f\u00f6rklarar <strong class=\"aw-ak79eh KyCXm yle__article__strong\">Hans Lind\u00e9n<\/strong> fr\u00e5n amat\u00f6rastronomiska f\u00f6reningen Andromeda.<\/p>\n<p class=\"aw-1gybjub aw-1p7kakr kEtdKx cEmitX yle__article__paragraph\">\u2013 Det \u00e4r egentligen smutspartiklar som n\u00e5gon komet eller asteroid har l\u00e4mnat efter sig i en bana runt solen. De brinner upp i atmosf\u00e4ren och ser ut som fallande stj\u00e4rnor.<\/p>\n<p>Ser ut att h\u00f6ra ihop med stj\u00e4rnbild<\/p>\n<p class=\"aw-1gybjub aw-1p7kakr kEtdKx cEmitX yle__article__paragraph\">Namnet Geminiderna har meteorregnet f\u00e5tt fr\u00e5n stj\u00e4rnbilden Gemini, som heter Tvillingarna p\u00e5 svenska.<\/p>\n<p class=\"aw-1gybjub aw-1p7kakr kEtdKx cEmitX yle__article__paragraph\">\u2013 Meteorerna ser ut att str\u00e5la fr\u00e5n den stj\u00e4rnbilden. Just nu r\u00e5kar jorden r\u00f6ra sig i den riktning d\u00e4r stj\u00e4rnbilden finns och alla de h\u00e4r smutspartiklarna ser ut att komma fr\u00e5n den riktningen.<\/p>\n<p class=\"aw-1gybjub aw-1p7kakr kEtdKx cEmitX yle__article__paragraph\">Lind\u00e9n s\u00e4ger att det \u00e4r samma fenomen som man kan uppleva om man k\u00f6r bil i sn\u00f6fall.<\/p>\n<p><img decoding=\"async\" alt=\"Geminidernas stj\u00e4rnfall ovanf\u00f6r Meteorian vid S\u00f6derfj\u00e4rden\" src=\"https:\/\/www.europesays.com\/se\/wp-content\/uploads\/2025\/12\/14-svyle-24378155cdcee05acaa.jpeg\" loading=\"lazy\" class=\"aw-1l9m598 hKVVvP\"\/><\/p>\n<p>\u00d6ppna bildvisare<\/p>\n<p>Geminidernas stj\u00e4rnfall, fotograferat \u00e5r 2015 vid Meteorian. Bild: Tommi J\u00e4rvilehto<\/p>\n<p class=\"aw-1gybjub aw-1p7kakr kEtdKx cEmitX yle__article__paragraph\">\u2013 N\u00e4r man ser rakt fram\u00e5t \u00e4r det inget som ser ut att komma mot en, utan allt far \u00e5t sidan, upp\u00e5t och ner\u00e5t. Meteorerna str\u00e5lar ut p\u00e5 samma s\u00e4tt.<\/p>\n<p class=\"aw-1gybjub aw-1p7kakr kEtdKx cEmitX yle__article__paragraph\">Jorden r\u00f6r sig l\u00e4ngs sin bana runt solen och just vid den h\u00e4r tiden varje \u00e5r korsar den en annan gammal bana.<\/p>\n<p class=\"aw-1gybjub aw-1p7kakr kEtdKx cEmitX yle__article__paragraph\">\u2013 D\u00e4r har en asteroid k\u00f6rt i tusentals \u00e5r och l\u00e4mnat efter sig en massa smuts och d\u00e5 r\u00e5kar vi k\u00f6ra in i den h\u00e4r banan och f\u00e5r ett s\u00e5nt h\u00e4r intressant fenomen.<\/p>\n<p class=\"aw-1gybjub aw-1p7kakr kEtdKx cEmitX yle__article__paragraph\">Antalet stj\u00e4rnfall varierar fr\u00e5n \u00e5r till \u00e5r eftersom partiklarna r\u00f6r sig p\u00e5 lite olika s\u00e4tt vid olika tillf\u00e4llen.<\/p>\n<p>Mulet v\u00e4der st\u00e4ller till det<\/p>\n<p class=\"aw-1gybjub aw-1p7kakr kEtdKx cEmitX yle__article__paragraph\">I \u00e5r \u00e4r f\u00f6ruts\u00e4ttningarna f\u00f6r att se stj\u00e4rnfallen fr\u00e5n Geminiderna inte de b\u00e4sta eftersom v\u00e4dret v\u00e4ntas vara mulet. Men om molnt\u00e4cket r\u00e5kar spricka upp tipsar Hans Lind\u00e9n om att man kan ta sig till en plats d\u00e4r det inte finns st\u00f6rande belysning fr\u00e5n gatlyktor eller liknande.<\/p>\n<p class=\"aw-1gybjub aw-1p7kakr kEtdKx cEmitX yle__article__paragraph\">N\u00e5gon specialutrustning beh\u00f6vs inte. Det blir rentav sv\u00e5rare att f\u00e5 syn p\u00e5 meteorregnet om man anv\u00e4nder en kikare eftersom man inte kan veta exakt var p\u00e5 himlen stj\u00e4rnfallen kommer att dyka upp.<\/p>\n<p class=\"aw-1gybjub aw-1p7kakr kEtdKx cEmitX yle__article__paragraph\">\u2013 Ta en stol som man kan luta tillbaka ryggst\u00f6det p\u00e5, varma kl\u00e4der och kanske en kaffekopp eller tekopp i handen. Sedan \u00e4r det bara att v\u00e4nta \u2013 om det \u00e4r fint v\u00e4der.<\/p>\n<p class=\"aw-1gybjub aw-1p7kakr kEtdKx cEmitX yle__article__paragraph\">N\u00e4sta chans att se meteorregn kommer omkring den tredje januari.<\/p>\n<p class=\"aw-1gybjub aw-1p7kakr kEtdKx cEmitX yle__article__paragraph\">\u2013 Men d\u00e5 \u00e4r det inte riktigt lika m\u00e5nga meteorer som man kan v\u00e4nta sig.<\/p>\n<p class=\"aw-1gybjub aw-1p7kakr kEtdKx cEmitX yle__article__paragraph\">Hans Lind\u00e9ns intresse f\u00f6r astronomi b\u00f6rjade redan i barndomen.<\/p>\n<p class=\"aw-1gybjub aw-1p7kakr kEtdKx cEmitX yle__article__paragraph\">\u2013 Jag l\u00e5g i pulkan p\u00e5 ryggen och tittade upp, jag s\u00e5g alla de h\u00e4r stj\u00e4rnorna och blev fascinerad av dem.<\/p>\n<p class=\"aw-1gybjub aw-1p7kakr kEtdKx cEmitX yle__article__paragraph\">Numera \u00e4r han aktiv i f\u00f6reningen Andromeda som har ett teleskop i Meteorian p\u00e5 S\u00f6derfj\u00e4rden, flera kilometer fr\u00e5n st\u00f6rande gatubelysning. Med hj\u00e4lp av teleskopet kan man f\u00e5 syn p\u00e5 astronomiska fenomen som inte g\u00e5r att uppt\u00e4cka med blotta \u00f6gat.<\/p>\n<p class=\"aw-1gybjub aw-1p7kakr kEtdKx cEmitX yle__article__paragraph\">L\u00f6rdagens evenemang vid Meteorian ser \u00e4nd\u00e5 ut att bli inst\u00e4llt p\u00e5 grund av den molniga v\u00e4derleken.<\/p>\n","protected":false},"excerpt":{"rendered":"Den 12-14 december m\u00f6ter jordens omloppsbana en m\u00e4ngd smutspartiklar som skapar meteorregnet Geminiderna. Vid klart v\u00e4der kan man&hellip;\n","protected":false},"author":2,"featured_media":103659,"comment_status":"","ping_status":"","sticky":false,"template":"","format":"standard","meta":{"footnotes":""},"categories":[66],"tags":[373,11726,8056,372,11727,2300,370,80,78,79,34,31,33,32,30,81,84,2213,83,82],"class_list":{"0":"post-103658","1":"post","2":"type-post","3":"status-publish","4":"format-standard","5":"has-post-thumbnail","7":"category-vetenskap-och-teknik","8":"tag-astronomi","9":"tag-atmosfaren-jorden","10":"tag-himlen","11":"tag-meteorer","12":"tag-meteorregn","13":"tag-osterbotten","14":"tag-rymden","15":"tag-science","16":"tag-science-and-technology","17":"tag-scienceandtechnology","18":"tag-se","19":"tag-svenska","20":"tag-sverige","21":"tag-sweden","22":"tag-swedish","23":"tag-technology","24":"tag-teknik","25":"tag-teleskop","26":"tag-vetenskap","27":"tag-vetenskapteknik"},"share_on_mastodon":{"url":"https:\/\/pubeurope.com\/@se\/115706313360372355","error":""},"_links":{"self":[{"href":"https:\/\/www.europesays.com\/se\/wp-json\/wp\/v2\/posts\/103658","targetHints":{"allow":["GET"]}}],"collection":[{"href":"https:\/\/www.europesays.com\/se\/wp-json\/wp\/v2\/posts"}],"about":[{"href":"https:\/\/www.europesays.com\/se\/wp-json\/wp\/v2\/types\/post"}],"author":[{"embeddable":true,"href":"https:\/\/www.europesays.com\/se\/wp-json\/wp\/v2\/users\/2"}],"replies":[{"embeddable":true,"href":"https:\/\/www.europesays.com\/se\/wp-json\/wp\/v2\/comments?post=103658"}],"version-history":[{"count":0,"href":"https:\/\/www.europesays.com\/se\/wp-json\/wp\/v2\/posts\/103658\/revisions"}],"wp:featuredmedia":[{"embeddable":true,"href":"https:\/\/www.europesays.com\/se\/wp-json\/wp\/v2\/media\/103659"}],"wp:attachment":[{"href":"https:\/\/www.europesays.com\/se\/wp-json\/wp\/v2\/media?parent=103658"}],"wp:term":[{"taxonomy":"category","embeddable":true,"href":"https:\/\/www.europesays.com\/se\/wp-json\/wp\/v2\/categories?post=103658"},{"taxonomy":"post_tag","embeddable":true,"href":"https:\/\/www.europesays.com\/se\/wp-json\/wp\/v2\/tags?post=103658"}],"curies":[{"name":"wp","href":"https:\/\/api.w.org\/{rel}","templated":true}]}}