{"id":103660,"date":"2025-12-12T11:17:45","date_gmt":"2025-12-12T11:17:45","guid":{"rendered":"https:\/\/www.europesays.com\/se\/103660\/"},"modified":"2025-12-12T11:17:45","modified_gmt":"2025-12-12T11:17:45","slug":"vill-lamna-gangen-barn-ringer-bris-i-panik-3","status":"publish","type":"post","link":"https:\/\/www.europesays.com\/se\/103660\/","title":{"rendered":"Vill l\u00e4mna g\u00e4ngen \u2013 barn ringer Bris i panik"},"content":{"rendered":"<p>Bris, Barnens r\u00e4tt i samh\u00e4llet, b\u00f6rjade 2023 f\u00e5 samtal som ber\u00f6rde g\u00e4ngkriminalitet. D\u00e5 r\u00f6rde det sig om 260 samtal. I fjol var det totalt 441 samtal och i \u00e5r, fram till november, r\u00e4knas samtalen till 354.<\/p>\n<p>\u2013 Vi hade drygt 64\u00a0000 kontakter under f\u00f6rra \u00e5ret. S\u00e5 det \u00e4r inte en j\u00e4ttestor samtalskategori p\u00e5 Bris. Men det \u00e4r \u00e4nd\u00e5 f\u00f6rh\u00e5llandevis m\u00e5nga unga i relation till hur m\u00e5nga unga som faktiskt sj\u00e4lva \u00e4r involverade i kriminalitet och \u00e4r under 18 \u00e5r, s\u00e4ger Angsell.<\/p>\n<p>Fr\u00e5n b\u00f6rjan har det \u00e5terkommande temat i samtalen varit r\u00e4dda och panikslagna barn som hamnat i en situation de \u00e4r of\u00f6rm\u00f6gna att ta sig ur \u2013 och s\u00e5 \u00e4r det \u00e4nnu, enligt Angsell.<\/p>\n<p>\u2013 Men det vi kan se i dag, j\u00e4mf\u00f6rt med 2023, \u00e4r att barn har hunnit vara involverade under l\u00e4ngre tid, s\u00e4ger hon.<\/p>\n<p><strong>Det inneb\u00e4r att barnen<\/strong> som ringer ofta hunnit ta del av samh\u00e4llets f\u00f6rs\u00f6k att hj\u00e4lpa, vilket i sin tur g\u00f6r att Bris genom samtalen f\u00e5r kunskap om hur barnen upplever att insatserna fungerat.<\/p>\n<p>Barnen \u2013 som brukar vara mellan 16 och 18 \u00e5r \u2013 vittnar ofta om att insatserna inte tar h\u00e4nsyn till de hj\u00e4lpbehov de sj\u00e4lva formulerat eller ser till hela deras situation, som till exempel kan inneh\u00e5lla drogmissbruk eller att leva under d\u00f6dshot.<\/p>\n<p>          <img decoding=\"async\" class=\"picture__img\" src=\"https:\/\/www.europesays.com\/se\/wp-content\/uploads\/2025\/12\/c52de3db-b0eb-441b-9a2f-558fb769d7e0.jpeg\"   alt=\"Marie Angsell, sakkunnig p\u00e5 Bris.\"\/><\/p>\n<p>      Marie Angsell, sakkunnig p\u00e5 Bris.<\/p>\n<p>Bris skulle helst se f\u00f6rebyggande insatser, men konstaterar att s\u00e5 s\u00e4llan \u00e4r fallet och att de \u00e5tg\u00e4rder som tas till ofta blir kortsiktiga:<\/p>\n<p>\u2013 N\u00e4r de v\u00e4l \u00e4r involverade i kriminaliteten ser vi att \u00e4ven om man f\u00e5r en insats som kanske \u00e4r en placering under en period, s\u00e5 st\u00e5r man \u00e4nd\u00e5 ensam n\u00e4r man kommer ut d\u00e4rifr\u00e5n.<\/p>\n<p><strong>Bris vill att regeringen<\/strong> utreder l\u00e5ngsiktighet och samverkan. Det kr\u00e4vs insatser som k\u00e4nns meningsfulla, trygga och som de v\u00e5gar ta emot. Dessutom b\u00f6r man utnyttja tillf\u00e4llet n\u00e4r motivationen finns, till exempel n\u00e4r barnet \u00e4r i kontakt med Bris, som ofta sker kv\u00e4lls- eller nattetid.<\/p>\n<p>\u2013 Det \u00e4r s\u00e5 viktigt att kunna f\u00e5nga den d\u00e4r motivationen, sedan \u00e5ker kanske rustningen p\u00e5 igen n\u00e4r det blir morgon.<\/p>\n","protected":false},"excerpt":{"rendered":"Bris, Barnens r\u00e4tt i samh\u00e4llet, b\u00f6rjade 2023 f\u00e5 samtal som ber\u00f6rde g\u00e4ngkriminalitet. D\u00e5 r\u00f6rde det sig om 260&hellip;\n","protected":false},"author":2,"featured_media":103661,"comment_status":"","ping_status":"","sticky":false,"template":"","format":"standard","meta":{"footnotes":""},"categories":[65],"tags":[72,70,71,34,31,33,32,30],"class_list":{"0":"post-103660","1":"post","2":"type-post","3":"status-publish","4":"format-standard","5":"has-post-thumbnail","7":"category-ekonomi","8":"tag-business","9":"tag-economy","10":"tag-ekonomi","11":"tag-se","12":"tag-svenska","13":"tag-sverige","14":"tag-sweden","15":"tag-swedish"},"share_on_mastodon":{"url":"https:\/\/pubeurope.com\/@se\/115706321170534738","error":""},"_links":{"self":[{"href":"https:\/\/www.europesays.com\/se\/wp-json\/wp\/v2\/posts\/103660","targetHints":{"allow":["GET"]}}],"collection":[{"href":"https:\/\/www.europesays.com\/se\/wp-json\/wp\/v2\/posts"}],"about":[{"href":"https:\/\/www.europesays.com\/se\/wp-json\/wp\/v2\/types\/post"}],"author":[{"embeddable":true,"href":"https:\/\/www.europesays.com\/se\/wp-json\/wp\/v2\/users\/2"}],"replies":[{"embeddable":true,"href":"https:\/\/www.europesays.com\/se\/wp-json\/wp\/v2\/comments?post=103660"}],"version-history":[{"count":0,"href":"https:\/\/www.europesays.com\/se\/wp-json\/wp\/v2\/posts\/103660\/revisions"}],"wp:featuredmedia":[{"embeddable":true,"href":"https:\/\/www.europesays.com\/se\/wp-json\/wp\/v2\/media\/103661"}],"wp:attachment":[{"href":"https:\/\/www.europesays.com\/se\/wp-json\/wp\/v2\/media?parent=103660"}],"wp:term":[{"taxonomy":"category","embeddable":true,"href":"https:\/\/www.europesays.com\/se\/wp-json\/wp\/v2\/categories?post=103660"},{"taxonomy":"post_tag","embeddable":true,"href":"https:\/\/www.europesays.com\/se\/wp-json\/wp\/v2\/tags?post=103660"}],"curies":[{"name":"wp","href":"https:\/\/api.w.org\/{rel}","templated":true}]}}