{"id":103667,"date":"2025-12-12T11:29:13","date_gmt":"2025-12-12T11:29:13","guid":{"rendered":"https:\/\/www.europesays.com\/se\/103667\/"},"modified":"2025-12-12T11:29:13","modified_gmt":"2025-12-12T11:29:13","slug":"ramona-har-sparat-en-giffelpase-i-17-ar","status":"publish","type":"post","link":"https:\/\/www.europesays.com\/se\/103667\/","title":{"rendered":"Ramona har sparat en giffelp\u00e5se i 17 \u00e5r"},"content":{"rendered":"<p><a data-test-tag=\"internal-link\" href=\"https:\/\/www.aftonbladet.se\/av\/albin-almqvist\" class=\"hyperion-css-13ns1rr\" rel=\"nofollow noopener\" target=\"\" aria-label=\"Se alla artiklar av Albin Almqvist\"><img decoding=\"async\" class=\"image-asset hyperion-css-n6kkq1\" data-test-tag=\"image-asset\" src=\"https:\/\/www.europesays.com\/se\/wp-content\/uploads\/2025\/12\/1765538952_747_a6ce5bb6-c605-4745-9ae0-580a508a5022\"  alt=\"\"  loading=\"lazy\" fetchpriority=\"auto\" style=\"aspect-ratio:1900 \/ 1900\"\/><\/a>share-arrowDela<\/p>\n<p>unsaveSpara<\/p>\n<p>expand-left<\/p>\n<p>helsk\u00e4rm<img decoding=\"async\" class=\"image-asset hyperion-css-u06ts1\" data-test-tag=\"image-asset\" src=\"https:\/\/www.europesays.com\/se\/wp-content\/uploads\/2025\/12\/5c9786f5-dfe8-40c2-873a-a1c3945e5c53\"  alt=\"Ramona Byr\u00f6s, 42.\"  loading=\"eager\" fetchpriority=\"high\" style=\"aspect-ratio:1900 \/ 1425\"\/>Ramona Byr\u00f6s, 42. Foto: Privat<\/p>\n<p class=\"hyperion-css-1shl3oz\" data-test-tag=\"lead-text\">17 \u00e5r \u2013 och fem flyttar.<\/p>\n<p class=\"hyperion-css-1shl3oz\" data-test-tag=\"lead-text\">Det har Ramona Byr\u00f6s giffelp\u00e5se \u00f6verlevt. <\/p>\n<p class=\"hyperion-css-1shl3oz\" data-test-tag=\"lead-text\">\u2013 Det \u00e4r sjukt, men den ser fortfarande ut som ny, s\u00e4ger hon n\u00e4r hon stolt visar upp bullarna.<\/p>\n<p class=\"hyperion-css-1v9qo5x\">F\u00f6r 17 \u00e5r sedan arrangerade Ramona Byr\u00f6, 42, ett stort evenemang i sin hemstad <a data-test-tag=\"internal-link\" href=\"https:\/\/www.aftonbladet.se\/lokala-nyheter\/uddevalla\" class=\"hyperion-css-15jkft9\" rel=\"nofollow noopener\" target=\"\" aria-label=\"Uddevalla\">Uddevalla<\/a>. Ett fika som passade perfekt f\u00f6r de tusentals g\u00e4sterna var gifflar, tyckte hon.  <\/p>\n<p class=\"hyperion-css-1v9qo5x\">Evenemanget och bullarna avhandlades. Men en av p\u00e5sarna levde kvar.<\/p>\n<p class=\"hyperion-css-1v9qo5x\">\u2013 Det b\u00f6rjade med att jag bara sparade en p\u00e5se. Och s\u00e5 gick tiden. Efter ett tag ville jag se hur de skulle \u00e5ldras, som ett slags experiment, s\u00e4ger hon.<\/p>\n<p class=\"hyperion-css-1v9qo5x\">Fem g\u00e5nger har Ramona flyttat sedan bullp\u00e5sen blev en del av hennes liv.<\/p>\n<p class=\"hyperion-css-1v9qo5x\">\u2013 Jag har tappat bort massor av kl\u00e4der och b\u00f6cker i flyttar. Men p\u00e5sen har alltid lyckats slinka med. Det h\u00e4r \u00e4r mitt l\u00e4ngsta f\u00f6rh\u00e5llande n\u00e5gonsin, s\u00e4ger hon och skrattar.<\/p>\n<p class=\"hyperion-css-1v9qo5x\">F\u00f6r ett litet tag sedan hittade Ramona sin gamla p\u00e5se igen, efter flera \u00e5r p\u00e5 vift. I en liten l\u00e5da i f\u00f6rr\u00e5det g\u00f6mde sig kanelsnurrorna.<\/p>\n<p>expand-left<\/p>\n<p>helsk\u00e4rm<img decoding=\"async\" class=\"image-asset hyperion-css-u06ts1\" data-test-tag=\"image-asset\" src=\"https:\/\/www.europesays.com\/se\/wp-content\/uploads\/2025\/12\/ce10812d-c05c-4ba2-b60c-de8f938b0c7b\"  alt=\"\u201dDet \u00e4r sjukt, men den ser fortfarande ut som ny\u201d s\u00e4ger Ramona om sin snart ton\u00e5ring till bullp\u00e5se. \"  loading=\"eager\" fetchpriority=\"high\" style=\"aspect-ratio:1900 \/ 2533\"\/>\u201dDet \u00e4r sjukt, men den ser fortfarande ut som ny\u201d s\u00e4ger Ramona om sin snart ton\u00e5ring till bullp\u00e5se. Foto: Privat<\/p>\n<p class=\"hyperion-css-1v9qo5x\">\u2013 Jag slogs av att den snart fyller 20 \u00e5r och att den fortfarande \u00e4r s\u00e5 fin. Det \u00e4r sjukt, men den ser fortfarande ut som ny. Jag har kl\u00e4mt p\u00e5 p\u00e5sen och bullarna \u00e4r fortfarande mjuka, s\u00e4ger hon. <\/p>\n<p class=\"hyperion-css-1v9qo5x\">Ramona st\u00e4ller sig nu fr\u00e5gande till varf\u00f6r gifflarna lyckats h\u00e5lla s\u00e5 l\u00e4nge.<\/p>\n<p class=\"hyperion-css-1v9qo5x\">\u2013 Det \u00e4r klart att man b\u00f6rjar undra varf\u00f6r de h\u00e5ller. Vad \u00e4r det i bullarna egentligen? Det k\u00e4nns n\u00e4stan lite misst\u00e4nkt, s\u00e4ger hon.<\/p>\n<p class=\"hyperion-css-1v9qo5x\"><a data-test-tag=\"internal-link\" href=\"https:\/\/www.aftonbladet.se\/tagg\/pagen\" class=\"hyperion-css-15jkft9\" rel=\"nofollow noopener\" target=\"\" aria-label=\"P\u00e5gen\">P\u00e5gen<\/a> skriver i ett mejl till P4 V\u00e4st att gifflarnas goda form kan f\u00f6rklaras av flera faktorer.<\/p>\n<p class=\"hyperion-css-1v9qo5x\">Den fr\u00e4msta \u00e4r att f\u00f6rpackningen \u00e4r helt t\u00e4tt f\u00f6rsluten. Det g\u00f6r att det inte kunnat leta sig ner n\u00e5gra m\u00f6gelsporer eller fukt i p\u00e5sen.<\/p>\n<p class=\"hyperion-css-1v9qo5x\">De rekommenderar dock att inte smaka p\u00e5 bullarna, d\u00e5 de inte kan garantera kvalit\u00e9n. Ramona kan dock inte lova att hon kommer att f\u00f6lja rekommendationerna.<\/p>\n<p class=\"hyperion-css-1v9qo5x\">\u2013 N\u00e4r p\u00e5sen fyller 20 ska jag kanske \u00f6ppna p\u00e5sen \u00e4nd\u00e5. Det k\u00e4nns h\u00f6gtidligt, s\u00e4ger hon. <\/p>\n","protected":false},"excerpt":{"rendered":"share-arrowDela unsaveSpara expand-left helsk\u00e4rmRamona Byr\u00f6s, 42. Foto: Privat 17 \u00e5r \u2013 och fem flyttar. Det har Ramona Byr\u00f6s&hellip;\n","protected":false},"author":2,"featured_media":103668,"comment_status":"","ping_status":"","sticky":false,"template":"","format":"standard","meta":{"footnotes":""},"categories":[12],"tags":[22,23,26,27,17,21,24,25,28,29,15,16,18,34,31,33,32,30,19,20],"class_list":{"0":"post-103667","1":"post","2":"type-post","3":"status-publish","4":"format-standard","5":"has-post-thumbnail","7":"category-sverige","8":"tag-breaking-news","9":"tag-breakingnews","10":"tag-featured-news","11":"tag-featurednews","12":"tag-headlines","13":"tag-huvudnyheter","14":"tag-latest-news","15":"tag-latestnews","16":"tag-main-news","17":"tag-mainnews","18":"tag-news","19":"tag-nyheter","20":"tag-rubriker","21":"tag-se","22":"tag-svenska","23":"tag-sverige","24":"tag-sweden","25":"tag-swedish","26":"tag-top-stories","27":"tag-topstories"},"share_on_mastodon":{"url":"https:\/\/pubeurope.com\/@se\/115706368452798075","error":""},"_links":{"self":[{"href":"https:\/\/www.europesays.com\/se\/wp-json\/wp\/v2\/posts\/103667","targetHints":{"allow":["GET"]}}],"collection":[{"href":"https:\/\/www.europesays.com\/se\/wp-json\/wp\/v2\/posts"}],"about":[{"href":"https:\/\/www.europesays.com\/se\/wp-json\/wp\/v2\/types\/post"}],"author":[{"embeddable":true,"href":"https:\/\/www.europesays.com\/se\/wp-json\/wp\/v2\/users\/2"}],"replies":[{"embeddable":true,"href":"https:\/\/www.europesays.com\/se\/wp-json\/wp\/v2\/comments?post=103667"}],"version-history":[{"count":0,"href":"https:\/\/www.europesays.com\/se\/wp-json\/wp\/v2\/posts\/103667\/revisions"}],"wp:featuredmedia":[{"embeddable":true,"href":"https:\/\/www.europesays.com\/se\/wp-json\/wp\/v2\/media\/103668"}],"wp:attachment":[{"href":"https:\/\/www.europesays.com\/se\/wp-json\/wp\/v2\/media?parent=103667"}],"wp:term":[{"taxonomy":"category","embeddable":true,"href":"https:\/\/www.europesays.com\/se\/wp-json\/wp\/v2\/categories?post=103667"},{"taxonomy":"post_tag","embeddable":true,"href":"https:\/\/www.europesays.com\/se\/wp-json\/wp\/v2\/tags?post=103667"}],"curies":[{"name":"wp","href":"https:\/\/api.w.org\/{rel}","templated":true}]}}