{"id":103670,"date":"2025-12-12T11:39:26","date_gmt":"2025-12-12T11:39:26","guid":{"rendered":"https:\/\/www.europesays.com\/se\/103670\/"},"modified":"2025-12-12T11:39:26","modified_gmt":"2025-12-12T11:39:26","slug":"hamas-har-begatt-brott-mot-manskligheten-3","status":"publish","type":"post","link":"https:\/\/www.europesays.com\/se\/103670\/","title":{"rendered":"Hamas har beg\u00e5tt brott mot m\u00e4nskligheten"},"content":{"rendered":"<p class=\"kicker t16 tm16 primary color_mobile_primary\" style=\"\">Mellan\u00f6stern<\/p>\n<p>\n        Drygt tv\u00e5 \u00e5r efter 7 oktober-attacken anklagar m\u00e4nniskor\u00e4ttsorganisationen Amnesty nu Hamas f\u00f6r att ha beg\u00e5tt brott mot m\u00e4nskligheten under terrorattacken.<br \/>\n        Bernat Armangue\/AP\/TT\n    <\/p>\n<p>    Amnesty International uppger i en ny rapport att Hamas och andra bev\u00e4pnade palestinska grupper begick brott mot m\u00e4nskligheten och krigsf\u00f6rbrytelser under och efter attackerna den 7 oktober 2023.<\/p>\n<p>\u201dDen s\u00e5 kallade m\u00e4nniskor\u00e4tts\u00adorganisationen Amnesty beh\u00f6vde allts\u00e5 drygt tv\u00e5 \u00e5r f\u00f6r att komma fram till detta\u201d, kommenterar SvD-skribenten Peter Wennblad.\u00a0<\/p>\n<p>Anklagelserna l\u00e4ggs fram i en rapport fr\u00e5n m\u00e4nniskor\u00e4tts-organisationen.<\/p>\n<p>                ERBJUDANDE!<br \/>\n<br \/>V\u00e4rlden idag DIGITAL<br \/>\n                2 m\u00e5nader f\u00f6r 10 kr!<\/p>\n<p>\n                    <a class=\"lab-paywall-teaser-offer-button\" href=\"https:\/\/api.varldenidag.se\/paywall\/order?providerUrl=https%3A%2F%2Forder.flowy.se%2Fvarldenidag%2Fvarldenidagdigital%2F3990%2Fuserform%3FcouponNumber%3D124&amp;siteAlias=varldenidag&amp;&amp;siteId=2&amp;contentUrl=https%3A%2F%2Fwww.varldenidag.se%2Fnyheter%2Famnesty-medger-hamas-har-begatt-brott-mot-maenskligheten%2F896665\" rel=\"nofollow noopener\" target=\"_blank\">K\u00d6P<\/a>\n                <\/p>\n<p>                V\u00e4rlden idag<br \/>\n<br \/>DIGITAL<br \/>\n                129,-<\/p>\n<p class=\"price_description\">kr\/m\u00e5nad \u200b\u200b\u200b\u200b\u200b\u200b<\/p>\n<p>\n                    <a class=\"lab-paywall-teaser-offer-button\" href=\"https:\/\/order.flowy.se\/varldenidag\/varldenidagdigital\" rel=\"nofollow noopener\" target=\"_blank\">K\u00d6P<\/a>\n                <\/p>\n<p>                V\u00e4rlden idag<br \/>\n<br \/>PAPPER<br \/>\n                189,-<\/p>\n<p class=\"price_description\">kr\/m\u00e5nad \u200b\u200b\u200b\u200b\u200b\u200b<\/p>\n<p>\n                    <a class=\"lab-paywall-teaser-offer-button\" href=\"https:\/\/order.flowy.se\/varldenidag\/varldenidag\" rel=\"nofollow noopener\" target=\"_blank\">K\u00d6P<\/a>\n                <\/p>\n","protected":false},"excerpt":{"rendered":"Mellan\u00f6stern Drygt tv\u00e5 \u00e5r efter 7 oktober-attacken anklagar m\u00e4nniskor\u00e4ttsorganisationen Amnesty nu Hamas f\u00f6r att ha beg\u00e5tt brott mot&hellip;\n","protected":false},"author":2,"featured_media":103671,"comment_status":"","ping_status":"","sticky":false,"template":"","format":"standard","meta":{"footnotes":""},"categories":[5],"tags":[22,23,26,27,17,21,24,25,28,29,15,16,18,34,31,33,32,30,19,20],"class_list":{"0":"post-103670","1":"post","2":"type-post","3":"status-publish","4":"format-standard","5":"has-post-thumbnail","7":"category-rubriker","8":"tag-breaking-news","9":"tag-breakingnews","10":"tag-featured-news","11":"tag-featurednews","12":"tag-headlines","13":"tag-huvudnyheter","14":"tag-latest-news","15":"tag-latestnews","16":"tag-main-news","17":"tag-mainnews","18":"tag-news","19":"tag-nyheter","20":"tag-rubriker","21":"tag-se","22":"tag-svenska","23":"tag-sverige","24":"tag-sweden","25":"tag-swedish","26":"tag-top-stories","27":"tag-topstories"},"share_on_mastodon":{"url":"https:\/\/pubeurope.com\/@se\/115706407379344012","error":""},"_links":{"self":[{"href":"https:\/\/www.europesays.com\/se\/wp-json\/wp\/v2\/posts\/103670","targetHints":{"allow":["GET"]}}],"collection":[{"href":"https:\/\/www.europesays.com\/se\/wp-json\/wp\/v2\/posts"}],"about":[{"href":"https:\/\/www.europesays.com\/se\/wp-json\/wp\/v2\/types\/post"}],"author":[{"embeddable":true,"href":"https:\/\/www.europesays.com\/se\/wp-json\/wp\/v2\/users\/2"}],"replies":[{"embeddable":true,"href":"https:\/\/www.europesays.com\/se\/wp-json\/wp\/v2\/comments?post=103670"}],"version-history":[{"count":0,"href":"https:\/\/www.europesays.com\/se\/wp-json\/wp\/v2\/posts\/103670\/revisions"}],"wp:featuredmedia":[{"embeddable":true,"href":"https:\/\/www.europesays.com\/se\/wp-json\/wp\/v2\/media\/103671"}],"wp:attachment":[{"href":"https:\/\/www.europesays.com\/se\/wp-json\/wp\/v2\/media?parent=103670"}],"wp:term":[{"taxonomy":"category","embeddable":true,"href":"https:\/\/www.europesays.com\/se\/wp-json\/wp\/v2\/categories?post=103670"},{"taxonomy":"post_tag","embeddable":true,"href":"https:\/\/www.europesays.com\/se\/wp-json\/wp\/v2\/tags?post=103670"}],"curies":[{"name":"wp","href":"https:\/\/api.w.org\/{rel}","templated":true}]}}