{"id":103678,"date":"2025-12-12T11:49:14","date_gmt":"2025-12-12T11:49:14","guid":{"rendered":"https:\/\/www.europesays.com\/se\/103678\/"},"modified":"2025-12-12T11:49:14","modified_gmt":"2025-12-12T11:49:14","slug":"uppgifter-shl-backen-overens-med-ny-klubb","status":"publish","type":"post","link":"https:\/\/www.europesays.com\/se\/103678\/","title":{"rendered":"Uppgifter: SHL-backen \u00f6verens med ny klubb"},"content":{"rendered":"<p><strong>Linus N\u00e4ss\u00e9n ser ut att l\u00e4mna Timr\u00e5 efter s\u00e4songen.<br \/><a href=\"https:\/\/www.iltalehti.fi\/smliiga\/a\/6477fac2-6776-4389-8617-9414ddeba7d9\" rel=\"nofollow noopener\" target=\"_blank\">Enligt Iltalehti<\/a> \u00e4r SHL-backen klar f\u00f6r spel i finska HIFK.<br \/>D\u00e4r \u00e5terf\u00f6renas han med sin tidigare tr\u00e4nare Olli Jokinen.<\/strong><\/p>\n<p><img loading=\"lazy\" decoding=\"async\" width=\"1024\" height=\"658\" src=\"https:\/\/www.europesays.com\/se\/wp-content\/uploads\/2025\/12\/251206KJ106-1024x658.webp.webp\" alt=\"\" class=\"wp-image-335892\"  \/>Linus N\u00e4ss\u00e9n.<br \/><strong>Foto: <\/strong>Kenta J\u00f6nsson\/Bildbyr\u00e5n<\/p>\n<p>Linus N\u00e4ss\u00e9n har tidigare spelat tre s\u00e4songer i Jukurit och en s\u00e4song i <a href=\"https:\/\/hockeysverige.se\/klubb\/timra-ik\/\" rel=\"nofollow noopener\" target=\"_blank\">Timr\u00e5<\/a> under Olli Jokinens ledning.<\/p>\n<p>Nu ser parternas v\u00e4gar ut att korsas igen. Enligt finska Iltalehti kommer N\u00e4ss\u00e9n att l\u00e4mna Timr\u00e5 efter s\u00e4songen f\u00f6r att ansluta till Liiga-laget HIFK, som tr\u00e4nas av just Olli Jokinen.<\/p>\n<p>N\u00e4ss\u00e9n f\u00f6ljde med Jokinen fr\u00e5n Jukurit till Timr\u00e5 inf\u00f6r f\u00f6rra s\u00e4songen och var den spelare som fick n\u00e4st mest istid under Jokinen, med ett snitt p\u00e5 strax under 20 minuter per match i <a href=\"https:\/\/hockeysverige.se\/shl\/\" rel=\"nofollow noopener\" target=\"_blank\">SHL<\/a>.<\/p>\n<p>Tre Kronor-debuterade i v\u00e5ras<\/p>\n<p>Den h\u00e4r s\u00e4songen har speltiden sjunkit avsev\u00e4rt f\u00f6r backen, som under Tommy Samuelssons ledning snittar strax under 16 minuter per match. P\u00e5 dessa matcher har backen st\u00e5tt f\u00f6r tio po\u00e4ng (4+6) p\u00e5 25 matcher, vilket g\u00f6r honom till lagets po\u00e4ngb\u00e4ste back.<\/p>\n<p>27-\u00e5ringen stod f\u00f6rra s\u00e4songen f\u00f6r 18 po\u00e4ng (2+16) p\u00e5 49 matcher och fick \u00e4ven chansen att debutera i Tre Kronor under v\u00e5ren, d\u00e4r han spelade fyra matcher mot Finland i april.<\/p>\n","protected":false},"excerpt":{"rendered":"Linus N\u00e4ss\u00e9n ser ut att l\u00e4mna Timr\u00e5 efter s\u00e4songen.Enligt Iltalehti \u00e4r SHL-backen klar f\u00f6r spel i finska HIFK.D\u00e4r&hellip;\n","protected":false},"author":2,"featured_media":103679,"comment_status":"","ping_status":"","sticky":false,"template":"","format":"standard","meta":{"footnotes":""},"categories":[68],"tags":[132,34,134,111,110,31,33,32,30,379],"class_list":{"0":"post-103678","1":"post","2":"type-post","3":"status-publish","4":"format-standard","5":"has-post-thumbnail","7":"category-sport","8":"tag-finska-ligan","9":"tag-se","10":"tag-shl","11":"tag-sport","12":"tag-sports","13":"tag-svenska","14":"tag-sverige","15":"tag-sweden","16":"tag-swedish","17":"tag-top-article"},"share_on_mastodon":{"url":"https:\/\/pubeurope.com\/@se\/115706447003215010","error":""},"_links":{"self":[{"href":"https:\/\/www.europesays.com\/se\/wp-json\/wp\/v2\/posts\/103678","targetHints":{"allow":["GET"]}}],"collection":[{"href":"https:\/\/www.europesays.com\/se\/wp-json\/wp\/v2\/posts"}],"about":[{"href":"https:\/\/www.europesays.com\/se\/wp-json\/wp\/v2\/types\/post"}],"author":[{"embeddable":true,"href":"https:\/\/www.europesays.com\/se\/wp-json\/wp\/v2\/users\/2"}],"replies":[{"embeddable":true,"href":"https:\/\/www.europesays.com\/se\/wp-json\/wp\/v2\/comments?post=103678"}],"version-history":[{"count":0,"href":"https:\/\/www.europesays.com\/se\/wp-json\/wp\/v2\/posts\/103678\/revisions"}],"wp:featuredmedia":[{"embeddable":true,"href":"https:\/\/www.europesays.com\/se\/wp-json\/wp\/v2\/media\/103679"}],"wp:attachment":[{"href":"https:\/\/www.europesays.com\/se\/wp-json\/wp\/v2\/media?parent=103678"}],"wp:term":[{"taxonomy":"category","embeddable":true,"href":"https:\/\/www.europesays.com\/se\/wp-json\/wp\/v2\/categories?post=103678"},{"taxonomy":"post_tag","embeddable":true,"href":"https:\/\/www.europesays.com\/se\/wp-json\/wp\/v2\/tags?post=103678"}],"curies":[{"name":"wp","href":"https:\/\/api.w.org\/{rel}","templated":true}]}}