{"id":103684,"date":"2025-12-12T11:55:18","date_gmt":"2025-12-12T11:55:18","guid":{"rendered":"https:\/\/www.europesays.com\/se\/103684\/"},"modified":"2025-12-12T11:55:18","modified_gmt":"2025-12-12T11:55:18","slug":"mer-i-planbockerna-vantas-fa-fart-pa-ekonomin","status":"publish","type":"post","link":"https:\/\/www.europesays.com\/se\/103684\/","title":{"rendered":"Mer i pl\u00e5nb\u00f6ckerna v\u00e4ntas f\u00e5 fart p\u00e5 ekonomin"},"content":{"rendered":"<p>F\u00f6ruts\u00e4ttningarna f\u00f6r \u00f6kad konsumtion fram\u00f6ver \u00e4r b\u00e4ttre \u00e4n p\u00e5 mycket l\u00e4nge och v\u00e4ntas ge skjuts f\u00f6r svensk ekonomi n\u00e4sta \u00e5r. Det s\u00e4ger HUI Researchs analytiker William Lindquist till TT. <\/p>\n<p>\u2013 Under det tredje kvartalet upplevde detaljhandeln den starkaste tillv\u00e4xten man har gjort sedan 2021. S\u00e5 det finns en ganska god anledning att vara optimistisk inf\u00f6r framtiden, s\u00e4ger han.<\/p>\n<p>Mer pengar i pl\u00e5nb\u00f6ckerna och den s\u00e4nkta matmomsen v\u00e4ntas \u00f6ka volymtillv\u00e4xten i matbutikerna och driva p\u00e5 en \u00e5terh\u00e4mtning bland annat handeln inom bygg, hemelektronik och m\u00f6bler, noterar han. <\/p>\n<p>Omni \u00e4r politiskt obundna och oberoende. Vi str\u00e4var efter att ge fler perspektiv p\u00e5 nyheterna. Har du fr\u00e5gor eller synpunkter kring v\u00e5r rapportering? <a href=\"https:\/\/omni.se\/hui-mer-i-planbockerna-vantas-fa-fart-pa-ekonomin\/a\/mailto:redaktion@omni.se\" class=\"ArticleActions_contactLink__W2F1M\" rel=\"nofollow noopener\" target=\"_blank\">Kontakta redaktionen<\/a><\/p>\n","protected":false},"excerpt":{"rendered":"F\u00f6ruts\u00e4ttningarna f\u00f6r \u00f6kad konsumtion fram\u00f6ver \u00e4r b\u00e4ttre \u00e4n p\u00e5 mycket l\u00e4nge och v\u00e4ntas ge skjuts f\u00f6r svensk ekonomi&hellip;\n","protected":false},"author":2,"featured_media":103685,"comment_status":"","ping_status":"","sticky":false,"template":"","format":"standard","meta":{"footnotes":""},"categories":[5],"tags":[22,23,1327,1154,26,27,17,21,626,24,25,28,29,324,320,15,16,349,18,1269,34,31,33,32,30,19,20],"class_list":{"0":"post-103684","1":"post","2":"type-post","3":"status-publish","4":"format-standard","5":"has-post-thumbnail","7":"category-rubriker","8":"tag-breaking-news","9":"tag-breakingnews","10":"tag-bygg-fastighet","11":"tag-dagligvaruhandel","12":"tag-featured-news","13":"tag-featurednews","14":"tag-headlines","15":"tag-huvudnyheter","16":"tag-konsumtion","17":"tag-latest-news","18":"tag-latestnews","19":"tag-main-news","20":"tag-mainnews","21":"tag-makroekonomi","22":"tag-makroprognoser","23":"tag-news","24":"tag-nyheter","25":"tag-privatekonomi","26":"tag-rubriker","27":"tag-sallankopshandel","28":"tag-se","29":"tag-svenska","30":"tag-sverige","31":"tag-sweden","32":"tag-swedish","33":"tag-top-stories","34":"tag-topstories"},"share_on_mastodon":{"url":"https:\/\/pubeurope.com\/@se\/115706470258344602","error":""},"_links":{"self":[{"href":"https:\/\/www.europesays.com\/se\/wp-json\/wp\/v2\/posts\/103684","targetHints":{"allow":["GET"]}}],"collection":[{"href":"https:\/\/www.europesays.com\/se\/wp-json\/wp\/v2\/posts"}],"about":[{"href":"https:\/\/www.europesays.com\/se\/wp-json\/wp\/v2\/types\/post"}],"author":[{"embeddable":true,"href":"https:\/\/www.europesays.com\/se\/wp-json\/wp\/v2\/users\/2"}],"replies":[{"embeddable":true,"href":"https:\/\/www.europesays.com\/se\/wp-json\/wp\/v2\/comments?post=103684"}],"version-history":[{"count":0,"href":"https:\/\/www.europesays.com\/se\/wp-json\/wp\/v2\/posts\/103684\/revisions"}],"wp:featuredmedia":[{"embeddable":true,"href":"https:\/\/www.europesays.com\/se\/wp-json\/wp\/v2\/media\/103685"}],"wp:attachment":[{"href":"https:\/\/www.europesays.com\/se\/wp-json\/wp\/v2\/media?parent=103684"}],"wp:term":[{"taxonomy":"category","embeddable":true,"href":"https:\/\/www.europesays.com\/se\/wp-json\/wp\/v2\/categories?post=103684"},{"taxonomy":"post_tag","embeddable":true,"href":"https:\/\/www.europesays.com\/se\/wp-json\/wp\/v2\/tags?post=103684"}],"curies":[{"name":"wp","href":"https:\/\/api.w.org\/{rel}","templated":true}]}}