{"id":103692,"date":"2025-12-12T12:05:12","date_gmt":"2025-12-12T12:05:12","guid":{"rendered":"https:\/\/www.europesays.com\/se\/103692\/"},"modified":"2025-12-12T12:05:12","modified_gmt":"2025-12-12T12:05:12","slug":"myhlback-missar-premiaren-ingen-ide-att-chansa","status":"publish","type":"post","link":"https:\/\/www.europesays.com\/se\/103692\/","title":{"rendered":"Myhlback missar premi\u00e4ren: \u201dIngen id\u00e9 att chansa\u201d"},"content":{"rendered":"<p>Det svenska skidstj\u00e4rnskottet Alvar Myhlback missar premi\u00e4rhelgen i l\u00e5ngloppscupen Ski Classics i \u00f6sterrikiska Bad Gastein p\u00e5 grund av en f\u00f6rkylning, rapporterar TT. Han insjuknade efter v\u00e4rldscupen i Trondheim och har \u00e4nnu inte \u00e5terh\u00e4mtat sig helt.<\/p>\n<p>Teamchefen Anton J\u00e4rnberg s\u00e4ger till SVT att Myhlback g\u00e4rna ville t\u00e4vla men att h\u00e4lsan g\u00e5r f\u00f6rst.<\/p>\n<p>\u2013 \u00c4r man sjuk ska man inte t\u00e4vla. Alvar ville v\u00e4ldigt g\u00e4rna \u00e5ka men han \u00e4r inte frisk s\u00e5 det \u00e4r ingen id\u00e9 att chansa, s\u00e4ger J\u00e4rnberg till SVT.<\/p>\n<p>N\u00e4sta lopp i Ski Classics \u00e4r Engadin La Diagonela i Schweiz den 17 januari.<\/p>\n<p>Omni \u00e4r politiskt obundna och oberoende. Vi str\u00e4var efter att ge fler perspektiv p\u00e5 nyheterna. Har du fr\u00e5gor eller synpunkter kring v\u00e5r rapportering? <a href=\"https:\/\/omni.se\/myhlback-missar-premiaren-ingen-ide-att-chansa\/a\/mailto:redaktion@omni.se\" class=\"ArticleActions_contactLink__W2F1M\" rel=\"nofollow noopener\" target=\"_blank\">Kontakta redaktionen<\/a><\/p>\n","protected":false},"excerpt":{"rendered":"Det svenska skidstj\u00e4rnskottet Alvar Myhlback missar premi\u00e4rhelgen i l\u00e5ngloppscupen Ski Classics i \u00f6sterrikiska Bad Gastein p\u00e5 grund av&hellip;\n","protected":false},"author":2,"featured_media":103693,"comment_status":"","ping_status":"","sticky":false,"template":"","format":"standard","meta":{"footnotes":""},"categories":[68],"tags":[9478,3237,34,111,110,31,33,32,30],"class_list":{"0":"post-103692","1":"post","2":"type-post","3":"status-publish","4":"format-standard","5":"has-post-thumbnail","7":"category-sport","8":"tag-alvar-myhlback","9":"tag-langdskidor","10":"tag-se","11":"tag-sport","12":"tag-sports","13":"tag-svenska","14":"tag-sverige","15":"tag-sweden","16":"tag-swedish"},"share_on_mastodon":{"url":"https:\/\/pubeurope.com\/@se\/115706509583267166","error":""},"_links":{"self":[{"href":"https:\/\/www.europesays.com\/se\/wp-json\/wp\/v2\/posts\/103692","targetHints":{"allow":["GET"]}}],"collection":[{"href":"https:\/\/www.europesays.com\/se\/wp-json\/wp\/v2\/posts"}],"about":[{"href":"https:\/\/www.europesays.com\/se\/wp-json\/wp\/v2\/types\/post"}],"author":[{"embeddable":true,"href":"https:\/\/www.europesays.com\/se\/wp-json\/wp\/v2\/users\/2"}],"replies":[{"embeddable":true,"href":"https:\/\/www.europesays.com\/se\/wp-json\/wp\/v2\/comments?post=103692"}],"version-history":[{"count":0,"href":"https:\/\/www.europesays.com\/se\/wp-json\/wp\/v2\/posts\/103692\/revisions"}],"wp:featuredmedia":[{"embeddable":true,"href":"https:\/\/www.europesays.com\/se\/wp-json\/wp\/v2\/media\/103693"}],"wp:attachment":[{"href":"https:\/\/www.europesays.com\/se\/wp-json\/wp\/v2\/media?parent=103692"}],"wp:term":[{"taxonomy":"category","embeddable":true,"href":"https:\/\/www.europesays.com\/se\/wp-json\/wp\/v2\/categories?post=103692"},{"taxonomy":"post_tag","embeddable":true,"href":"https:\/\/www.europesays.com\/se\/wp-json\/wp\/v2\/tags?post=103692"}],"curies":[{"name":"wp","href":"https:\/\/api.w.org\/{rel}","templated":true}]}}