{"id":103716,"date":"2025-12-12T12:42:07","date_gmt":"2025-12-12T12:42:07","guid":{"rendered":"https:\/\/www.europesays.com\/se\/103716\/"},"modified":"2025-12-12T12:42:07","modified_gmt":"2025-12-12T12:42:07","slug":"charlie-weimers-nekas-barnbidrag-kravs-pa-183-000-kronor","status":"publish","type":"post","link":"https:\/\/www.europesays.com\/se\/103716\/","title":{"rendered":"Charlie Weimers nekas barnbidrag \u2013 kr\u00e4vs p\u00e5 183\u00a0000 kronor"},"content":{"rendered":"<p>Publicerad 12 dec 2025 kl 12.52Uppdaterad kl 13.24<\/p>\n<p>SD-toppen Charlie Weimers nekas barnbidrag f\u00f6r sina fem barn.<\/p>\n<p>Samtidigt kr\u00e4vs han p\u00e5 n\u00e4rmare 200\u00a0000 kronor f\u00f6r pengar som tidigare betalats ut.<\/p>\n<p><img loading=\"lazy\"   alt=\"\"\/><\/p>\n<p>Charlie Weimers \u00e4r EU-parlamentariker f\u00f6r SD.<\/p>\n<p>Foto: SVEN LINDWALL<\/p>\n<p>\u00d6ppna bild i helsk\u00e4rm<img loading=\"lazy\"   alt=\"\"\/><\/p>\n<p>F\u00f6rs\u00e4kringskassan nekar Charlie Weimers barnbidrag f\u00f6r hans fem barn.<\/p>\n<p>Foto: Jessica Gow\/TT<\/p>\n<p>\u00d6ppna bild i helsk\u00e4rm<\/p>\n<p>Europaparlamentarikern <a href=\"https:\/\/www.expressen.se\/tagg\/person\/charlie-weimers\/\" class=\"\" rel=\"nofollow noopener\" target=\"_blank\">Charlie Weimers<\/a> (SD) \u00e4r i strid med F\u00f6rs\u00e4kringskassan.<\/p>\n<p>Myndigheten anser att SD-toppen inte har r\u00e4tt till barnbidrag f\u00f6r sina fem barn eftersom familjen bor i Belgien.<\/p>\n<p>Charlie Weimers h\u00e5ller inte med. Han tycker att det \u00e4r orimligt att familjen, som flyttat till Bryssel f\u00f6r Weimers uppdrag i Europaparlamentet, hamnar utanf\u00f6r svenska trygghetssystem samtidigt som de inte har r\u00e4tt att ta del av det belgiska barnbidraget.<\/p>\n<p>\u2013 Jag menar att F\u00f6rs\u00e4kringskassan har agerat fel. Min fru och mina barn ska enligt lag vara f\u00f6rs\u00e4krade i ett EU-land helt enkelt, har han <a href=\"https:\/\/www.expressen.se\/nyheter\/politik\/charlie-weimers-har-fem--barn--far-inget-barnbidrag\/\" rel=\"nofollow noopener\" target=\"_blank\">tidigare sagt till Expressen.<\/a><\/p>\n<p>Stora \u00e5terkravet<\/p>\n<p>Han har \u00f6verklagat F\u00f6rs\u00e4kringskassans beslut, och fr\u00e5gan \u00e4r \u00e4nnu inte avgjord.<\/p>\n<p>Samtidigt kr\u00e4ver myndigheten tillbaka barnbidrag och flerbarnstill\u00e4gg som Charlie Weimers f\u00e5tt mellan 2020 och 2024.<\/p>\n<p>Totalt handlar det om 182\u00a0966 kronor plus r\u00e4nta.<\/p>\n<p>Enligt F\u00f6rs\u00e4kringskassan borde Charlie Weimer ha anm\u00e4lt att familjen flyttade utomlands, och pengarna skulle inte ha betalats ut.<\/p>\n<p>SD-toppen har \u00f6verklagat \u00e5terbetalningskravet och kr\u00e4vt s\u00e5 kallad inhibition, det vill s\u00e4ga att fr\u00e5gan om \u00e5terkravet ska pausas tills fr\u00e5gan om han har r\u00e4tt till barnbidraget \u00e4r pr\u00f6vat i r\u00e4tten.<\/p>\n<p>Tj\u00e4nade 1,4 miljoner<\/p>\n<p>I veckan kom bakslaget: Det blir ingen inhibition.<\/p>\n<p>Det inneb\u00e4r att \u00e5terkravet finns kvar, men r\u00e4tten konstaterar samtidigt att man beh\u00f6ver inv\u00e4nta f\u00f6rvaltningsr\u00e4ttens dom i det andra \u00e4rendet innan det kan verkst\u00e4llas.<\/p>\n<p>Via sin pressekreterare kommenterar Charlie Weimers att han anser att \u00e5terbetalningskravet \u00e4r felaktigt. Han betonar ocks\u00e5 att \u00f6verklagandet handlar om att F\u00f6rs\u00e4kringskassan ska g\u00f6ra r\u00e4tt, inte om sj\u00e4lva beloppet.<\/p>\n<p>Charlie Weimers \u00e4r folkbokf\u00f6rd och skattar i Sverige, enligt g\u00e4llande regelverk f\u00f6r Europaparlamentariker. F\u00f6rra \u00e5ret deklarerade han en \u00e5rsinkomst p\u00e5 1,4 miljoner kronor.<\/p>\n","protected":false},"excerpt":{"rendered":"Publicerad 12 dec 2025 kl 12.52Uppdaterad kl 13.24 SD-toppen Charlie Weimers nekas barnbidrag f\u00f6r sina fem barn. Samtidigt&hellip;\n","protected":false},"author":2,"featured_media":103717,"comment_status":"","ping_status":"","sticky":false,"template":"","format":"standard","meta":{"footnotes":""},"categories":[12],"tags":[22,23,26,27,17,21,24,25,28,29,15,16,5023,6976,38,11733,18,34,583,31,33,32,30,19,20],"class_list":{"0":"post-103716","1":"post","2":"type-post","3":"status-publish","4":"format-standard","5":"has-post-thumbnail","7":"category-sverige","8":"tag-breaking-news","9":"tag-breakingnews","10":"tag-featured-news","11":"tag-featurednews","12":"tag-headlines","13":"tag-huvudnyheter","14":"tag-latest-news","15":"tag-latestnews","16":"tag-main-news","17":"tag-mainnews","18":"tag-news","19":"tag-nyheter","20":"tag-organization-eu-parlamentet","21":"tag-organization-forsakringskassan","22":"tag-organization-sverigedemokraterna","23":"tag-person-charlie-weimers","24":"tag-rubriker","25":"tag-se","26":"tag-sections-politik","27":"tag-svenska","28":"tag-sverige","29":"tag-sweden","30":"tag-swedish","31":"tag-top-stories","32":"tag-topstories"},"share_on_mastodon":{"url":"https:\/\/pubeurope.com\/@se\/115706655274717305","error":""},"_links":{"self":[{"href":"https:\/\/www.europesays.com\/se\/wp-json\/wp\/v2\/posts\/103716","targetHints":{"allow":["GET"]}}],"collection":[{"href":"https:\/\/www.europesays.com\/se\/wp-json\/wp\/v2\/posts"}],"about":[{"href":"https:\/\/www.europesays.com\/se\/wp-json\/wp\/v2\/types\/post"}],"author":[{"embeddable":true,"href":"https:\/\/www.europesays.com\/se\/wp-json\/wp\/v2\/users\/2"}],"replies":[{"embeddable":true,"href":"https:\/\/www.europesays.com\/se\/wp-json\/wp\/v2\/comments?post=103716"}],"version-history":[{"count":0,"href":"https:\/\/www.europesays.com\/se\/wp-json\/wp\/v2\/posts\/103716\/revisions"}],"wp:featuredmedia":[{"embeddable":true,"href":"https:\/\/www.europesays.com\/se\/wp-json\/wp\/v2\/media\/103717"}],"wp:attachment":[{"href":"https:\/\/www.europesays.com\/se\/wp-json\/wp\/v2\/media?parent=103716"}],"wp:term":[{"taxonomy":"category","embeddable":true,"href":"https:\/\/www.europesays.com\/se\/wp-json\/wp\/v2\/categories?post=103716"},{"taxonomy":"post_tag","embeddable":true,"href":"https:\/\/www.europesays.com\/se\/wp-json\/wp\/v2\/tags?post=103716"}],"curies":[{"name":"wp","href":"https:\/\/api.w.org\/{rel}","templated":true}]}}