{"id":103730,"date":"2025-12-12T12:54:08","date_gmt":"2025-12-12T12:54:08","guid":{"rendered":"https:\/\/www.europesays.com\/se\/103730\/"},"modified":"2025-12-12T12:54:08","modified_gmt":"2025-12-12T12:54:08","slug":"sofia-ragenklint-lamnar-fraga-doktorn-i-svt","status":"publish","type":"post","link":"https:\/\/www.europesays.com\/se\/103730\/","title":{"rendered":"Sofia R\u00e5genklint l\u00e4mnar \u201dFr\u00e5ga doktorn\u201d i SVT"},"content":{"rendered":"<p>Publicerad 12 dec 2025 kl 13.23Uppdaterad kl 13.50<\/p>\n<p>Sofia R\u00e5genklint tackar f\u00f6r sig i \u201dFr\u00e5ga doktorn\u201d.<\/p>\n<p>Nu tar Linda Olofsson \u00f6ver som programledare.\u00a0<\/p>\n<p><img   alt=\"\"\/><\/p>\n<p>Sedan 2021 har Sofia R\u00e5genklint programlett \u201dFr\u00e5ga doktorn\u201d i SVT. Nu l\u00e4mnar hon programmet.<\/p>\n<p>Foto: SVT<\/p>\n<p>\u00d6ppna bild i helsk\u00e4rm<img loading=\"lazy\"   alt=\"\"\/><\/p>\n<p>Linda Olofsson tar \u00f6ver.<\/p>\n<p>Foto: SVERIGES TELEVISION AB<\/p>\n<p>\u00d6ppna bild i helsk\u00e4rm<img loading=\"lazy\"   alt=\"\"\/><\/p>\n<p>Sofia R\u00e5genklint.<\/p>\n<p>Foto: CORNELIA NORDSTR\u00d6M<\/p>\n<p>\u00d6ppna bild i helsk\u00e4rm<\/p>\n<p>Sedan 2021 har Sofia R\u00e5genklint lett <a href=\"https:\/\/www.expressen.se\/tagg\/organization\/svt\/\" class=\"\" rel=\"nofollow noopener\" target=\"_blank\">SVT<\/a>:s l\u00e5ngk\u00f6rare \u201dFr\u00e5ga doktorn\u201d. Nu l\u00e4mnar profilen programmet, det bekr\u00e4ftar SVT f\u00f6r Expressen.<\/p>\n<p>\u2013 Hon g\u00f6r sin sista s\u00e4ndning nu p\u00e5 m\u00e5ndag, s\u00e4ger \u00c5sa Paues, presskontakt f\u00f6r programmet.<\/p>\n<p>Ers\u00e4tter g\u00f6r Linda Olofsson. Hon har l\u00e4nge synts i SVT, bland annat som programledare f\u00f6r \u201dMitt i naturen\u201d, \u201dStudio Natur\u201d och \u201dGo\u2019kv\u00e4ll\u201d.\u00a0<\/p>\n","protected":false},"excerpt":{"rendered":"Publicerad 12 dec 2025 kl 13.23Uppdaterad kl 13.50 Sofia R\u00e5genklint tackar f\u00f6r sig i \u201dFr\u00e5ga doktorn\u201d. Nu tar&hellip;\n","protected":false},"author":2,"featured_media":103731,"comment_status":"","ping_status":"","sticky":false,"template":"","format":"standard","meta":{"footnotes":""},"categories":[67],"tags":[104,361,34,645,31,33,32,30,646,105],"class_list":{"0":"post-103730","1":"post","2":"type-post","3":"status-publish","4":"format-standard","5":"has-post-thumbnail","7":"category-underhallning","8":"tag-entertainment","9":"tag-organization-svt","10":"tag-se","11":"tag-sections-tv","12":"tag-svenska","13":"tag-sverige","14":"tag-sweden","15":"tag-swedish","16":"tag-topic-tv-serier","17":"tag-underhallning"},"share_on_mastodon":{"url":"https:\/\/pubeurope.com\/@se\/115706702287394423","error":""},"_links":{"self":[{"href":"https:\/\/www.europesays.com\/se\/wp-json\/wp\/v2\/posts\/103730","targetHints":{"allow":["GET"]}}],"collection":[{"href":"https:\/\/www.europesays.com\/se\/wp-json\/wp\/v2\/posts"}],"about":[{"href":"https:\/\/www.europesays.com\/se\/wp-json\/wp\/v2\/types\/post"}],"author":[{"embeddable":true,"href":"https:\/\/www.europesays.com\/se\/wp-json\/wp\/v2\/users\/2"}],"replies":[{"embeddable":true,"href":"https:\/\/www.europesays.com\/se\/wp-json\/wp\/v2\/comments?post=103730"}],"version-history":[{"count":0,"href":"https:\/\/www.europesays.com\/se\/wp-json\/wp\/v2\/posts\/103730\/revisions"}],"wp:featuredmedia":[{"embeddable":true,"href":"https:\/\/www.europesays.com\/se\/wp-json\/wp\/v2\/media\/103731"}],"wp:attachment":[{"href":"https:\/\/www.europesays.com\/se\/wp-json\/wp\/v2\/media?parent=103730"}],"wp:term":[{"taxonomy":"category","embeddable":true,"href":"https:\/\/www.europesays.com\/se\/wp-json\/wp\/v2\/categories?post=103730"},{"taxonomy":"post_tag","embeddable":true,"href":"https:\/\/www.europesays.com\/se\/wp-json\/wp\/v2\/tags?post=103730"}],"curies":[{"name":"wp","href":"https:\/\/api.w.org\/{rel}","templated":true}]}}