{"id":103734,"date":"2025-12-12T12:58:12","date_gmt":"2025-12-12T12:58:12","guid":{"rendered":"https:\/\/www.europesays.com\/se\/103734\/"},"modified":"2025-12-12T12:58:12","modified_gmt":"2025-12-12T12:58:12","slug":"gemensamma-anstrangningar-for-starkare-motstandskraft","status":"publish","type":"post","link":"https:\/\/www.europesays.com\/se\/103734\/","title":{"rendered":"Gemensamma anstr\u00e4ngningar f\u00f6r starkare motst\u00e5ndskraft"},"content":{"rendered":"<p class=\"normal\">Landsh\u00f6vdingarna fr\u00e5n alla Sveriges 21 l\u00e4n tr\u00e4ffas en g\u00e5ng per m\u00e5nad f\u00f6r att f\u00f6r att diskutera l\u00e4nsstyrelse\u00f6vergripande, strategiska och aktuella fr\u00e5gor \u2013 ofta tillsammans med regeringen eller andra nationella myndigheter och organisationer. Ig\u00e5r genomf\u00f6rdes \u00e5rets sista m\u00f6te.<\/p>\n<p>Dialog om krisberedskap med regering och MSB<\/p>\n<p class=\"normal\">Krisberedskap var temat f\u00f6r m\u00f6tet d\u00e4r ocks\u00e5 Carl-Oscar Bohlin, minister f\u00f6r civilt f\u00f6rsvar samt Mikael Frisell, generaldirekt\u00f6r f\u00f6r Myndigheten f\u00f6r samh\u00e4llskydd och beredskap, MSB,<strong> <\/strong>deltog.<strong> <\/strong>L\u00e4nsstyrelserna \u00e4r 21 sj\u00e4lvst\u00e4ndiga men samverkande beredskapsmyndigheter, men ocks\u00e5 h\u00f6gsta civila totalf\u00f6rsvarsmyndighet i respektive l\u00e4n.<\/p>\n<p>Livsmedel, vatten, och skydd av civila<\/p>\n<p class=\"normal\">L\u00e4nsstyrelserna ansvarar f\u00f6r bland annat l\u00e4gesbild, samordning av regionala insatser och kommunikation vid kriser och krig. Under m\u00f6tet med f\u00f6retr\u00e4dare f\u00f6r regeringen och MSB stod dessa tv\u00e5 aktuella uppdrag i fokus:<\/p>\n<ul class=\" env-text-list normal\">\n<li>L\u00e4nsstyrelsernas uppdrag och roll i arbetet med livsmedelsf\u00f6rs\u00f6rjning och dricksvatten.<\/li>\n<li>Skydd av civilbefolkningen och r\u00e4ddningstj\u00e4nst.<\/li>\n<\/ul>\n<p class=\"normal\">Under m\u00f6tets workshop och dialog diskuterades ocks\u00e5<\/p>\n<ul class=\" env-text-list normal\">\n<li>insatser f\u00f6r att utveckla samarbetet mellan myndigheter, n\u00e4ringsliv och civilsamh\u00e4llet<\/li>\n<li>utmaningar hybrid fred eller inf\u00f6r h\u00f6jd beredskap<\/li>\n<li>nationell l\u00e4gesbild<\/li>\n<li>beredskapsplanering<\/li>\n<li>kommunikation och samverkan.<\/li>\n<\/ul>\n","protected":false},"excerpt":{"rendered":"Landsh\u00f6vdingarna fr\u00e5n alla Sveriges 21 l\u00e4n tr\u00e4ffas en g\u00e5ng per m\u00e5nad f\u00f6r att f\u00f6r att diskutera l\u00e4nsstyrelse\u00f6vergripande, strategiska&hellip;\n","protected":false},"author":2,"featured_media":103735,"comment_status":"","ping_status":"","sticky":false,"template":"","format":"standard","meta":{"footnotes":""},"categories":[12],"tags":[22,23,26,27,17,21,24,25,28,29,15,16,18,34,31,33,32,30,19,20],"class_list":{"0":"post-103734","1":"post","2":"type-post","3":"status-publish","4":"format-standard","5":"has-post-thumbnail","7":"category-sverige","8":"tag-breaking-news","9":"tag-breakingnews","10":"tag-featured-news","11":"tag-featurednews","12":"tag-headlines","13":"tag-huvudnyheter","14":"tag-latest-news","15":"tag-latestnews","16":"tag-main-news","17":"tag-mainnews","18":"tag-news","19":"tag-nyheter","20":"tag-rubriker","21":"tag-se","22":"tag-svenska","23":"tag-sverige","24":"tag-sweden","25":"tag-swedish","26":"tag-top-stories","27":"tag-topstories"},"share_on_mastodon":{"url":"https:\/\/pubeurope.com\/@se\/115706718190657803","error":""},"_links":{"self":[{"href":"https:\/\/www.europesays.com\/se\/wp-json\/wp\/v2\/posts\/103734","targetHints":{"allow":["GET"]}}],"collection":[{"href":"https:\/\/www.europesays.com\/se\/wp-json\/wp\/v2\/posts"}],"about":[{"href":"https:\/\/www.europesays.com\/se\/wp-json\/wp\/v2\/types\/post"}],"author":[{"embeddable":true,"href":"https:\/\/www.europesays.com\/se\/wp-json\/wp\/v2\/users\/2"}],"replies":[{"embeddable":true,"href":"https:\/\/www.europesays.com\/se\/wp-json\/wp\/v2\/comments?post=103734"}],"version-history":[{"count":0,"href":"https:\/\/www.europesays.com\/se\/wp-json\/wp\/v2\/posts\/103734\/revisions"}],"wp:featuredmedia":[{"embeddable":true,"href":"https:\/\/www.europesays.com\/se\/wp-json\/wp\/v2\/media\/103735"}],"wp:attachment":[{"href":"https:\/\/www.europesays.com\/se\/wp-json\/wp\/v2\/media?parent=103734"}],"wp:term":[{"taxonomy":"category","embeddable":true,"href":"https:\/\/www.europesays.com\/se\/wp-json\/wp\/v2\/categories?post=103734"},{"taxonomy":"post_tag","embeddable":true,"href":"https:\/\/www.europesays.com\/se\/wp-json\/wp\/v2\/tags?post=103734"}],"curies":[{"name":"wp","href":"https:\/\/api.w.org\/{rel}","templated":true}]}}