{"id":103736,"date":"2025-12-12T12:59:19","date_gmt":"2025-12-12T12:59:19","guid":{"rendered":"https:\/\/www.europesays.com\/se\/103736\/"},"modified":"2025-12-12T12:59:19","modified_gmt":"2025-12-12T12:59:19","slug":"sa-kastades-rhodin-rakt-in-i-hetluften","status":"publish","type":"post","link":"https:\/\/www.europesays.com\/se\/103736\/","title":{"rendered":"S\u00e5 kastades Rhodin rakt in i hetluften"},"content":{"rendered":"<p class=\"\">Thomas Rhodins kontrakt med F\u00e4rjestad gick ut efter fjol\u00e5rss\u00e4songen, d\u00e5 laget f\u00f6ll i kvartsfinalen, har han inte gjort s\u00e4rskilt mycket, \u00e5tminstone inte inom hockeyn.<\/p>\n<p class=\"\">\u2013 Egentligen har det inte varit n\u00e5gonting sedan s\u00e4songen tog slut i april\u2013maj. Det har funnits lite f\u00f6rfr\u00e5gningar och samtal, men antingen rann det ut i sanden eller s\u00e5 var det inget som k\u00e4ndes r\u00e4tt. Det blev helt enkelt en period av v\u00e4ntan p\u00e5 att n\u00e5got skulle h\u00e4nda hos klubbarna, s\u00e4ger han.<\/p>\n<p class=\"\"><strong>Hur har hela den h\u00e4r biten varit att g\u00e5 och v\u00e4nta p\u00e5 ett nytt kontrakt?<\/strong><\/p>\n<p class=\"\">\u2013 Ja, men det har varit lite tufft fr\u00e5n och till att inte veta om det dyker upp n\u00e5got eller om man f\u00e5r chansen. S\u00e5 det har varit lite hit och dit. <\/p>\n<p><strong>Har du k\u00e4nt n\u00e5gon stress \u00f6ver att det kanske inte skulle ordna sig?\u00a0<\/strong><\/p>\n<p class=\"\">\u2013 Jo, men det \u00e4r klart. Det har varit lite stressigt i och med att det \u00e4nd\u00e5 har varit n\u00e5got p\u00e5 tal n\u00e5gon g\u00e5ng, och s\u00e5 har det inte blivit n\u00e5got. D\u00e5 blir man kanske lite stressad och om man inte h\u00f6r n\u00e5gonting p\u00e5 ett tag. S\u00e5 man har absolut varit stressad. Men det g\u00e4ller att ha t\u00e5lamod. Nu d\u00f6k Modo upp.<\/p>\n<p>Uppbrottet fr\u00e5n F\u00e4rjestad<\/p>\n<p class=\"\">Det blev totalt fem s\u00e4songer som assisterande tr\u00e4nare i F\u00e4rjestad BK:s herrlag, men Thomas Rhodins koppling till klubben \u00e4r betydligt djupare \u00e4n s\u00e5. Han har arbetat som general manager, varit huvudtr\u00e4nare f\u00f6r U16-laget, lett V\u00e4rmlands TV-puckenlag \u2013 och dessutom spenderat flera \u00e5r som spelare i F\u00e4rjestad.<\/p>\n<p class=\"\">\u2013 Nej, men det var inga konstigheter. Jag var coach i fem \u00e5r och allt har sin tid. N\u00e5gon g\u00e5ng tar det slut, och mitt kontrakt l\u00f6pte ut. Jag har haft m\u00e5nga fina \u00e5r d\u00e4r med bra minnen: SM-guld, CHL-final\u2026 men sj\u00e4lvklart finns det saker som inte alltid varit bra ocks\u00e5, s\u00e4ger han.<\/p>\n<p class=\"\">Att l\u00e4mna just F\u00e4rjestad var \u00e4nd\u00e5 speciellt.<\/p>\n<p class=\"\">\u2013 Ja, klart att det k\u00e4ndes. Men samtidigt \u00e4r det s\u00e5 h\u00e4r branschen fungerar. Man \u00e4r \u00e4nd\u00e5 f\u00f6rberedd p\u00e5 att det kan bli s\u00e5. S\u00e5 inga konstigheter p\u00e5 det s\u00e4ttet \u2013 man vet att det \u00e4r en del av jobbet.<\/p>\n<p>S\u00e5 snabbt gick processen<\/p>\n<p class=\"\">\u00c4ven om han inte arbetat med hockey under h\u00f6sten har han f\u00f6rst\u00e5s f\u00f6ljt sporten en hel del.<\/p>\n<p class=\"\">\u2013 Jag \u00e4r en hockeyn\u00f6rd, s\u00e5 sj\u00e4lvklart har jag f\u00f6ljt mycket. Kanske inte specifika serier i detalj, men jag har f\u00f6rst\u00e5s kollat en del p\u00e5 F\u00e4rjestad. Men n\u00e4r man inte jobbar inom hockeyn tittar man inte p\u00e5 samma professionella s\u00e4tt. Samtidigt hade jag ju en hel del koll sedan tidigare, s\u00e4ger han.<\/p>\n<p><strong>Hur snabbt gick processen med Modo \u2013 fr\u00e5n f\u00f6rsta kontakten till att allt var klart?<\/strong><\/p>\n<p class=\"\">\u2013 Det gick v\u00e4ldigt fort. F\u00f6rsta g\u00e5ngen jag pratade med Henrik, sportchefen, var p\u00e5 l\u00f6rdagsf\u00f6rmiddagen, och p\u00e5 l\u00f6rdagskv\u00e4llen var allt klart. S\u00e5 det gick verkligen snabbt. Men som jag sagt tidigare \u00e4r det fantastiskt kul att f\u00e5 komma till en s\u00e5 anrik klubb som vill ta n\u00e4sta steg. Ofta \u00e4r det ju just s\u00e5dana h\u00e4r uppdrag \u2013 n\u00e4r ett lag inte f\u00e5tt den start de velat och v\u00e4ljer att agera \u2013 som man kommer in i. Och jag \u00e4r j\u00e4ttetaggad p\u00e5 att f\u00e5 vara med och hj\u00e4lpa till. <\/p>\n<p class=\"\">Uppdraget skiljer sig n\u00e5got fr\u00e5n det han haft tidigare. I st\u00e4llet f\u00f6r SHL och kampen om topplaceringar, SM-guld eller CHL-spel handlar det nu om att ta klivet upp\u00e5t i seriesystemet.<\/p>\n<p class=\"\">\u2013 Det kommer nog att k\u00e4nnas lite speciellt. Jag har bara varit med p\u00e5 en tr\u00e4ning och en match hittills, men jag kommer f\u00e5 uppleva nya arenor och m\u00f6ta nya lag, och det ska bli v\u00e4ldigt intressant.<\/p>\n<p>&#8221;Nya \u00f6gon kan g\u00f6ra gott&#8221;<\/p>\n<p class=\"\">Sparkningen av huvudtr\u00e4naren Mattias Karlin och assisterande tr\u00e4naren Mikael Sundell kom bara en dag efter Modos starka bortaseger mot BIK Karlskoga. Fredrik Andersson tog \u00f6ver huvudansvaret \u2013 och den nya r\u00f6sten i ledarstaben blev Thomas Rhodin.<\/p>\n<p>Trots att Modo ligger med i toppen av Hockeyallsvenskan har kritik och missn\u00f6je riktats mot lagets insatser efter degraderingen inf\u00f6r s\u00e4songen.<\/p>\n<p class=\"\">\u2013 Jo, det \u00e4r klart att det \u00e4r speciellt. Men det kan ofta vara bra f\u00f6r en grupp att f\u00e5 in en ny r\u00f6st och undvika att fastna i bubblan, bli liksom lite blind och bara k\u00e4nna av pressen fr\u00e5n l\u00e4ktare, supportrar, stan och allt som skrivs. Nya \u00f6gon kan g\u00f6ra gott. Det \u00e4r trots allt bara n\u00e5gra po\u00e4ng upp, och vi vill f\u00f6rst\u00e5s bli \u00e4nnu b\u00e4ttre. Det handlar om detaljer som beh\u00f6ver r\u00e4ttas till och f\u00f6rhoppningsvis \u2013 \u00e4ven om det inte sker p\u00e5 en dag \u2013 s\u00e5 l\u00f6ser det sig. Det g\u00e4ller att ha lite t\u00e5lamod. <\/p>\n<p class=\"\">N\u00e5gra dagar in p\u00e5 det nya jobbet \u00e4r k\u00e4nslan positiv.<\/p>\n<p class=\"\">\u2013 Det har varit j\u00e4ttebra. Det \u00e4r en stark ledarstab och m\u00e5nga spelare som st\u00e4ller fr\u00e5gor och verkligen vill. Det k\u00e4nns v\u00e4ldigt bra.<\/p>\n<p class=\"\"><strong>Hur k\u00e4nns det att vara tillbaka i hetluften?<\/strong><\/p>\n<p class=\"\">\u2013 Det var kul i g\u00e5r n\u00e4r det var f\u00f6rsta matchen. Men det \u00e4r klart att det \u00e4r lite nytt, framf\u00f6r allt n\u00e4r jag inte har full koll p\u00e5 alla backar \u00e4nnu. Men roligt \u2013 absolut.<\/p>\n<p>Kommentarer TopprankadeSenaste\u00c4ldstaTrendar<\/p>\n<p>Skaffa PLUS f\u00f6r att kommentera<\/p>\n<p>Med en aktiv PLUS-prenumeration kan du kommentera, svara p\u00e5 andra och gilla kommentarer.<\/p>\n<p><a class=\"btn-primary btn-small\" href=\"https:\/\/hockeynews.se\/plus\" rel=\"nofollow noopener\" target=\"_blank\">Skaffa PLUS<\/a><\/p>\n<p>Halva priset p\u00e5 TV4 Play Sport Hockey \u2013 <a class=\"text-yellow underline\" href=\"https:\/\/www.tv4play.se\/kampanj\/hockeynewshockey\" rel=\"nofollow noopener\" target=\"_blank\">f\u00e5 kod med Hockeynews h\u00e4r!<\/a> (Annons)<\/p>\n<p><a class=\"text-yellow underline font-bold\" href=\"https:\/\/hockeynews.se\/app\" rel=\"nofollow noopener\" target=\"_blank\">H\u00e4mta Hockeynews app f\u00f6r iOS och Android<\/a> &#8211; gratis: nyheter, sp\u00e4nnande silly, unik inside, exklusiva intervjuer och matchrapporter fr\u00e5n alla ligor<\/p>\n","protected":false},"excerpt":{"rendered":"Thomas Rhodins kontrakt med F\u00e4rjestad gick ut efter fjol\u00e5rss\u00e4songen, d\u00e5 laget f\u00f6ll i kvartsfinalen, har han inte gjort&hellip;\n","protected":false},"author":2,"featured_media":103737,"comment_status":"","ping_status":"","sticky":false,"template":"","format":"standard","meta":{"footnotes":""},"categories":[5],"tags":[22,23,26,27,17,21,24,25,28,29,15,16,18,34,31,33,32,30,19,20],"class_list":{"0":"post-103736","1":"post","2":"type-post","3":"status-publish","4":"format-standard","5":"has-post-thumbnail","7":"category-rubriker","8":"tag-breaking-news","9":"tag-breakingnews","10":"tag-featured-news","11":"tag-featurednews","12":"tag-headlines","13":"tag-huvudnyheter","14":"tag-latest-news","15":"tag-latestnews","16":"tag-main-news","17":"tag-mainnews","18":"tag-news","19":"tag-nyheter","20":"tag-rubriker","21":"tag-se","22":"tag-svenska","23":"tag-sverige","24":"tag-sweden","25":"tag-swedish","26":"tag-top-stories","27":"tag-topstories"},"share_on_mastodon":{"url":"https:\/\/pubeurope.com\/@se\/115706721894067996","error":""},"_links":{"self":[{"href":"https:\/\/www.europesays.com\/se\/wp-json\/wp\/v2\/posts\/103736","targetHints":{"allow":["GET"]}}],"collection":[{"href":"https:\/\/www.europesays.com\/se\/wp-json\/wp\/v2\/posts"}],"about":[{"href":"https:\/\/www.europesays.com\/se\/wp-json\/wp\/v2\/types\/post"}],"author":[{"embeddable":true,"href":"https:\/\/www.europesays.com\/se\/wp-json\/wp\/v2\/users\/2"}],"replies":[{"embeddable":true,"href":"https:\/\/www.europesays.com\/se\/wp-json\/wp\/v2\/comments?post=103736"}],"version-history":[{"count":0,"href":"https:\/\/www.europesays.com\/se\/wp-json\/wp\/v2\/posts\/103736\/revisions"}],"wp:featuredmedia":[{"embeddable":true,"href":"https:\/\/www.europesays.com\/se\/wp-json\/wp\/v2\/media\/103737"}],"wp:attachment":[{"href":"https:\/\/www.europesays.com\/se\/wp-json\/wp\/v2\/media?parent=103736"}],"wp:term":[{"taxonomy":"category","embeddable":true,"href":"https:\/\/www.europesays.com\/se\/wp-json\/wp\/v2\/categories?post=103736"},{"taxonomy":"post_tag","embeddable":true,"href":"https:\/\/www.europesays.com\/se\/wp-json\/wp\/v2\/tags?post=103736"}],"curies":[{"name":"wp","href":"https:\/\/api.w.org\/{rel}","templated":true}]}}