{"id":103745,"date":"2025-12-12T13:07:42","date_gmt":"2025-12-12T13:07:42","guid":{"rendered":"https:\/\/www.europesays.com\/se\/103745\/"},"modified":"2025-12-12T13:07:42","modified_gmt":"2025-12-12T13:07:42","slug":"klart-flingan-ar-arets-lussekatt-ljusnan","status":"publish","type":"post","link":"https:\/\/www.europesays.com\/se\/103745\/","title":{"rendered":"Klart: Flingan \u00e4r \u00e5rets lussekatt &#8211; Ljusnan"},"content":{"rendered":"<ol>\n<li><a href=\"https:\/\/news.google.com\/rss\/articles\/CBMidkFVX3lxTE0xM3FYNU96ZXc3ZHQyamgxbV9ZelBuU1JRVHFWQ0JtN0treklwbzZSTGhWdW5CT0t4MVVTbjV1QkR0WnM4SU9TTHRjLTY4N3ZJU2RJLWsyWVlJSTE4RERVY0E3UlN5dVN4VzltWW52QXVFU2h1ZVE?oc=5\" target=\"_blank\" rel=\"nofollow noopener\">Klart: Flingan \u00e4r \u00e5rets lussekatt<\/a>&nbsp;&nbsp;Ljusnan<\/li>\n<li><a href=\"https:\/\/news.google.com\/rss\/articles\/CBMieEFVX3lxTE1RNUJnTlp6SmcxQXZ1LVVmLUM1N3pBcjdJSlBHWmdpWTBURnFJUXdRclRXQ2UtLTVTYk1mZ3BiMmxoelg2Vnd0NVhfdUxIallESGQ2UHhKQlZCZnJNYUJpNVVEa2dqVTJDRHg3TkpGN2REOVYwci1SUg?oc=5\" target=\"_blank\" rel=\"nofollow noopener\">M\u00f6t Saphira \u2013 \u00c5rets lussekatt<\/a>&nbsp;&nbsp;Sala Allehanda<\/li>\n<li><a href=\"https:\/\/news.google.com\/rss\/articles\/CBMirwFBVV95cUxOdHBHcHMzYUlxVDZvOU5TVVFrR3hoYkZyMlpoVVZNbUhnSVFFVEMyMlJrX1h5TEQ4NFI3d2hrekRNVUtPdl9qOHF1RW1OdkhEUUpRcDlvUmg5amp1TXRzVDUyRnVxcFVLTk80aWIyWFdLU09BU2tMQWRmNUQwY2dINWxLQnVDY040QnpKWEJ1SzdKSDU3bk56aXNxdU9EU0IxMXFkb3R3Z2RVUUhQWkVR?oc=5\" target=\"_blank\" rel=\"nofollow noopener\">Bilder: H\u00e4r \u00e4r l\u00e4sarnas julfina v\u00e4nner \u2013 se bidragen i \u00c5rets Lussekatt<\/a>&nbsp;&nbsp;Folkbladet<\/li>\n<li><a href=\"https:\/\/news.google.com\/rss\/articles\/CBMifEFVX3lxTFBWLV90SEVhaGdBQ2hEdHVpUkx1aXNkVTlha3pXWmMzZFhZTE1pTnRXemp2eFJCQzJpejFPR0ttYnN4clJKeDRRaWRramVNQktEYnRkY3RZT2EtWTNWNmZzaFg3dTY5TW01VEdlLWpvdjlvcFNIU1BFdEh4UnY?oc=5\" target=\"_blank\" rel=\"nofollow noopener\">Finaldags i Lussekatten 2025 \u2013 r\u00f6sta under helgen p\u00e5 din favorit<\/a>&nbsp;&nbsp;VF<\/li>\n<li><a href=\"https:\/\/news.google.com\/rss\/articles\/CBMitgFBVV95cUxOQ1BhM3RDajlhNHJsby1fdDhDZVp0VFBqMDZPYkQ1SzdBUXRtOGxRVUNMaVhXSzFKdmhmTlo1bVhQMEhsNU9BZDNUUVBWdS1zMmQtOF93Sk8wVHFCd0pFcWZSanQxR2o5OUQ0cVhLa0h6TkJvaDM5eS1PVDFLVmNtZlNYby15S3VBMVRMQWhSNlI5S21FZVhUUDh0WENDNXZWeXlOaW40NU0xVzNVenlfSUZ3ekNkdw?oc=5\" target=\"_blank\" rel=\"nofollow noopener\">Vem blir \u00e5rets lussekatt? \u2013 h\u00e4r \u00e4r finalisterna<\/a>&nbsp;&nbsp;Hallands Nyheter<\/li>\n<\/ol>\n","protected":false},"excerpt":{"rendered":"Klart: Flingan \u00e4r \u00e5rets lussekatt&nbsp;&nbsp;Ljusnan M\u00f6t Saphira \u2013 \u00c5rets lussekatt&nbsp;&nbsp;Sala Allehanda Bilder: H\u00e4r \u00e4r l\u00e4sarnas julfina v\u00e4nner \u2013&hellip;\n","protected":false},"author":2,"featured_media":103746,"comment_status":"","ping_status":"","sticky":false,"template":"","format":"standard","meta":{"footnotes":""},"categories":[5],"tags":[22,23,26,27,17,21,24,25,28,29,15,16,18,34,31,33,32,30,19,20],"class_list":{"0":"post-103745","1":"post","2":"type-post","3":"status-publish","4":"format-standard","5":"has-post-thumbnail","7":"category-rubriker","8":"tag-breaking-news","9":"tag-breakingnews","10":"tag-featured-news","11":"tag-featurednews","12":"tag-headlines","13":"tag-huvudnyheter","14":"tag-latest-news","15":"tag-latestnews","16":"tag-main-news","17":"tag-mainnews","18":"tag-news","19":"tag-nyheter","20":"tag-rubriker","21":"tag-se","22":"tag-svenska","23":"tag-sverige","24":"tag-sweden","25":"tag-swedish","26":"tag-top-stories","27":"tag-topstories"},"share_on_mastodon":{"url":"https:\/\/pubeurope.com\/@se\/115706753321557491","error":""},"_links":{"self":[{"href":"https:\/\/www.europesays.com\/se\/wp-json\/wp\/v2\/posts\/103745","targetHints":{"allow":["GET"]}}],"collection":[{"href":"https:\/\/www.europesays.com\/se\/wp-json\/wp\/v2\/posts"}],"about":[{"href":"https:\/\/www.europesays.com\/se\/wp-json\/wp\/v2\/types\/post"}],"author":[{"embeddable":true,"href":"https:\/\/www.europesays.com\/se\/wp-json\/wp\/v2\/users\/2"}],"replies":[{"embeddable":true,"href":"https:\/\/www.europesays.com\/se\/wp-json\/wp\/v2\/comments?post=103745"}],"version-history":[{"count":0,"href":"https:\/\/www.europesays.com\/se\/wp-json\/wp\/v2\/posts\/103745\/revisions"}],"wp:featuredmedia":[{"embeddable":true,"href":"https:\/\/www.europesays.com\/se\/wp-json\/wp\/v2\/media\/103746"}],"wp:attachment":[{"href":"https:\/\/www.europesays.com\/se\/wp-json\/wp\/v2\/media?parent=103745"}],"wp:term":[{"taxonomy":"category","embeddable":true,"href":"https:\/\/www.europesays.com\/se\/wp-json\/wp\/v2\/categories?post=103745"},{"taxonomy":"post_tag","embeddable":true,"href":"https:\/\/www.europesays.com\/se\/wp-json\/wp\/v2\/tags?post=103745"}],"curies":[{"name":"wp","href":"https:\/\/api.w.org\/{rel}","templated":true}]}}