{"id":103768,"date":"2025-12-12T13:45:25","date_gmt":"2025-12-12T13:45:25","guid":{"rendered":"https:\/\/www.europesays.com\/se\/103768\/"},"modified":"2025-12-12T13:45:25","modified_gmt":"2025-12-12T13:45:25","slug":"sd-politikern-aktiv-i-pro-rysk-grupp-idioter-styr-vart-land","status":"publish","type":"post","link":"https:\/\/www.europesays.com\/se\/103768\/","title":{"rendered":"SD-politikern aktiv i pro-rysk grupp: \u201didioter styr v\u00e5rt land\u201d"},"content":{"rendered":"<p>En sverigedemokratisk lokalpolitiker i Skurups kommun sprider och delar \u00e5terkommande inl\u00e4gg som ifr\u00e5gas\u00e4tter vaccin och som beskriver EU:s och Sveriges st\u00f6d till Ukraina som skadlig krigshets och \u201dproxykrig\u201d. Flera inl\u00e4gg delas fr\u00e5n den h\u00f6gerextrema kanalen Swebbtv som \u00e4r en central hubb i Sverige f\u00f6r vaccinmotst\u00e5nd, pro-ryska talepunkter och desinformation, visar Expos granskning.<\/p>\n<p>\n            Du l\u00e4ser just nu gratis inneh\u00e5ll\n        <\/p>\n<p>Ditt st\u00f6d hj\u00e4lper oss bek\u00e4mpa rasism och fr\u00e4mja demokrati genom granskning och kunskapsspridning.<\/p>\n<p>Barbara \u00c5berg, 69, \u00e4r ledamot i kommunfullm\u00e4ktige f\u00f6r <a href=\"https:\/\/expo.se\/lar-dig-mer\/wiki\/sverigedemokraterna-sd\/\" rel=\"nofollow noopener\" target=\"_blank\">Sverigedemokraterna<\/a> i Skurup kommun och sitter som ers\u00e4ttare i kommunstyrelsen. Hon \u00e4r ocks\u00e5 ledamot i kommunens medborgarberedning och i socialn\u00e4mndsutskottet.<\/p>\n<p>Samtidigt sprider hon h\u00f6gerextremt inneh\u00e5ll med fokus p\u00e5 vaccinmotst\u00e5nd och pro-ryska talepunkter och troper i sociala medier, visar Expos genomg\u00e5ng. Ett inneh\u00e5ll som g\u00e5r emot Sverigedemokraternas officiella uttalanden.<\/p>\n<p>I Facebook-gruppen \u201dRyssland \u00e4r v\u00e5ra v\u00e4nner\u201d skrev \u00c5berg i v\u00e5ras ett inl\u00e4gg med texten: \u201dSjukt tr\u00f6tt p\u00e5 Ukrainas proxykrig och Europas krigshets mot Ryssland. Sk\u00e4ms att vara svensk\u201d.\u00a0<\/p>\n<p>I en kommentar till ett Facebook-inl\u00e4gg gjort av den i h\u00f6gerextrema och konspirationistiska kretsar uppskattade skribenten Jenny Piper, som bland annat skriver f\u00f6r h\u00f6gerextrema <a href=\"https:\/\/expo.se\/lar-dig-mer\/wiki\/nya-dagbladet\/\" data-type=\"wiki\" data-id=\"9427\" rel=\"nofollow noopener\" target=\"_blank\">Nya Dagbladet<\/a>, skriver Barbara \u00c5berg:<\/p>\n<p>\u201dHur l\u00e4nge t\u00e4nker v\u00e5ra politiker f\u00f6rs\u00f6ka m\u00f6rkl\u00e4gga den storskaliga korruptionen som p\u00e5g\u00e5r bland Zelenskyj och hans gangsters?! V\u00e5ra SKATTEPENGAR!! som v\u00e5ra KORRUPTA politiker skickat r\u00e4tt ner i deras fickor!!\u201d<\/p>\n<p><img data-lazyloaded=\"1\" fetchpriority=\"high\" decoding=\"async\" width=\"1200\" height=\"788\" src=\"https:\/\/www.europesays.com\/se\/wp-content\/uploads\/2025\/12\/2-1024x672.jpg\" alt=\"\" class=\"wp-image-49899\"  data-\/>Barbara \u00c5berg skriver \u00e5terkommande pro-ryska inl\u00e4gg p\u00e5 n\u00e4tet trots att det avviker fr\u00e5n partiets officiella linje i fr\u00e5gan.  <\/p>\n<p>I en annan diskussion p\u00e5 Facebook skriver SD-politikern ett l\u00e4ngre inl\u00e4gg som avslutas med \u201dF\u00f6r \u00f6vrigt blev Zelenskyj tillsatt genom en av Ukrainas st\u00f6rsta gangstrar och landet \u00e4r sedan 2014 s\u00e5lt till Nato\/USA. (M\u00f6jligen \u00e4nnu l\u00e4ngre tillbaka).\u201d\u00a0<\/p>\n<p>\u00c5berg (SD): globalisterna tar h\u00e5rdare grepp om makten<\/p>\n<p>N\u00e4r det konspirationsteoretiska antivaccinpartiet MoD i sina sociala kanaler skrev om Bilderbergsgruppens m\u00f6te i juni m\u00e5nad p\u00e5 Grand Hotel i Stockholm kommenterade \u00c5berg: \u201dMysteriet?! Vilket trams! \u00c4garen Wallenbergs med dom v\u00e4rsta globalisterna i Bilderberggruppen planerar hur dem ska ta h\u00e5rdare grepp om makten \u00f6ver oss m\u00e4nniskor, fortsatt planering dra in miljarder p\u00e5 kriget i Ukraina\u201d.\u00a0<\/p>\n<p>Uttrycket \u201dglobalister\u201d anv\u00e4nds ofta som ett antisemitiskt kodord f\u00f6r judar, s\u00e4rskilt i konspirationsteoretiska kretsar.<\/p>\n<p>I en rad inl\u00e4gg som Barbara \u00c5berg gjort i sociala medier finns argument och p\u00e5st\u00e5enden som b\u00e4r typiska drag av samma konspirationsteorier och budskap som den ryska presidenten Vladimir Putin och Kreml anv\u00e4nder sig av. <\/p>\n<p>Europa, USA och \u201dglobalister\u201d beskrivs som de aggressiva och egentliga drivande parterna i Rysslands krig i Ukraina. Samtidigt beskrivs Ryssland som hotat. St\u00f6det till Ukraina kallas hyckleri och skandal\u00f6st och sanktioner mot Ryssland ifr\u00e5gas\u00e4tts som illegitima.<\/p>\n<p>Sprider antivaccinpropaganda \u2013 hyllar Elsa Widding<\/p>\n<p>F\u00f6rutom proryska talepunkter s\u00e5 delar och kommenterar Barbara \u00c5berg ocks\u00e5 ett flertal inl\u00e4gg fr\u00e5n den h\u00f6gerextrema och konspirationsteoretiska sajten <a href=\"https:\/\/expo.se\/lar-dig-mer\/wiki\/swebbtvswebbtube\/\" rel=\"nofollow noopener\" target=\"_blank\">Swebbtv<\/a>.<\/p>\n<p>I ett inl\u00e4gg fr\u00e5n Swebbtv saluf\u00f6r kanalens \u00e5terkommande g\u00e4st Lars Bern att de som injicerade det s\u00e5 kallade covidvaccinet i kroppen blev \u201dgrundlurade\u201d. Barbara \u00c5berg kommenterar inl\u00e4gget uppmuntrande och skriver en l\u00e4ngre kommentar, d\u00e4r hon uttrycker att hon inte f\u00f6rst\u00e5r hur n\u00e5gon kan vaccinera sina barn och sj\u00e4lv aldrig skulle \u201dta vaxxet\u201d. Kommentaren avslutas med:\u00a0<\/p>\n<p>\u201dV\u00e4rldens st\u00f6rsta legala maffia \u00e4r l\u00e4kemedelsindustrin (och livsmedelsindustrin) se bara p\u00e5 Pfizer som tj\u00e4nar tusentals miljarder bara p\u00e5 vaccin! Men dom har flera st\u00e4mningar p\u00e5 sig och man f\u00f6rs\u00f6ker \u00e4ven kl\u00e4mma \u00e5t \u201dUrusla von der Ljugaren\u201d som har smutsiga aff\u00e4rer med l\u00e4kemedelsbolaget och Dr Fauchi som stod inf\u00f6r r\u00e4tta men innan Biden avgick ben\u00e5dade han honom! S\u00e5 har vi den st\u00f6rsta? gangstern: Bill Gates! Korruption p\u00e5 h\u00f6gsta niv\u00e5! Money talks!\u201d<\/p>\n<p>I andra inl\u00e4gg som \u00c5berg g\u00f6r hyllas den tidigare sverigedemokraten Elsa Widding. Widding var fram till 2023 riksdagsledamot f\u00f6r Sverigedemokraterna d\u00e5 hon l\u00e4mnade partiet efter att Expo avsl\u00f6jat hennes <a href=\"https:\/\/expo.se\/nyhet\/widding-delade-scen-med-forintelseforringare-och-vaccinmotstandare\/\" data-type=\"post\" data-id=\"9565\" rel=\"nofollow noopener\" target=\"_blank\">medverkan p\u00e5 en konferens i Norge<\/a> tillsammans med vaccinmotst\u00e5ndare, klimatf\u00f6rnekare och personer som relativiserat F\u00f6rintelsen.<\/p>\n<p>I dag \u00e4r Elsa Widding partil\u00f6s i riksdagen och fungerar som den konspirationsteoretiska milj\u00f6ns fr\u00e4msta talesperson i kammaren. Hon har ocks\u00e5 anv\u00e4nt riksdagens lokaler f\u00f6r att <a href=\"https:\/\/expo.se\/nyhet\/avhoppad-sd-politiker-holl-antivaccinmote-i-riksdagen\/\" data-type=\"post\" data-id=\"9753\" rel=\"nofollow noopener\" target=\"_blank\">arrangera antivaccinkonferens<\/a> och sedan v\u00e5ren 2025 har hon sitt eget parti, Ambition Sverige.<\/p>\n<p><img loading=\"lazy\" data-lazyloaded=\"1\" decoding=\"async\" width=\"1024\" height=\"672\" src=\"https:\/\/www.europesays.com\/se\/wp-content\/uploads\/2025\/12\/1-1024x672.jpg\" alt=\"\" class=\"wp-image-49901\"  data-\/>Motst\u00e5nd mot vaccin \u00e4r ett \u00e5terkommande tema. Socialministern Jakob Forssmed kallas f\u00f6r neds\u00e4ttande epitet, detta trots Tid\u00f6-partiernas \u00f6verenskommelse om att h\u00e5lla en respektfull ton n\u00e4r de talar om varandra.<\/p>\n<p>Skriver om socialminister Forssmed: \u201d i d i o t ! \u201d<\/p>\n<p>SD-politikern Barbara \u00c5berg attackerar ocks\u00e5 \u00e5terkommande socialminister Jakob Forssmed (KD). I ett inl\u00e4gg d\u00e4r socialministern beskrivs som \u201den katastrof f\u00f6r folkh\u00e4lsan\u201d efter att denne oroat sig f\u00f6r att f\u00f6r f\u00e5 \u00e4ldre som beh\u00f6ver hemtj\u00e4nst inte \u00e4r vaccinerade kommenterar \u00c5berg:<\/p>\n<p>\u201dMan blir m\u00f6rkr\u00e4dd att vi har s\u00e5dana idioter som styr v\u00e5rt land\u201d. Under ett annat inl\u00e4gg som hyllar Elsa Widding som debatterat i riksdagen mot Jakob Forssmed skriver \u00c5berg om socialministern: \u201dEn komplett i d i o t !!\u201d.<\/p>\n<p>Deltog i h\u00f6gerextrem konferens<\/p>\n<p>Det \u00e4r inte bara i sociala medier som Barbara \u00c5berg har sitt h\u00f6gerextrema sammanhang. Enligt egen utsago n\u00e4rvarade hon ocks\u00e5 p\u00e5 Swebbtv:s konferens i Uppsala under h\u00f6sten.<\/p>\n<p>Talarna p\u00e5 konferensen var n\u00e5gra av de mest framst\u00e5ende profilerna inom svensk extremh\u00f6ger. F\u00f6rutom n\u00e4mnda Lars Bern \u00e4ven personer s\u00e5 som AFS-politikerna Lennart Matikainen, Roger Richthoff och medieaktivisten Christian Peterson som har sin politiska bakgrund i nazistiska <a href=\"https:\/\/expo.se\/lar-dig-mer\/wiki\/nordiska-motstandsrorelsen-nmr\/\" data-type=\"wiki\" data-id=\"6682\" rel=\"nofollow noopener\" target=\"_blank\">Nordiska motst\u00e5ndsr\u00f6relsen<\/a> som terrorklassades av USA f\u00f6rra sommaren.<\/p>\n<p>N\u00e4r Swebbtv efter konferensen ber\u00e4ttar om de f\u00f6rel\u00e4sningar som h\u00f6lls under konferensen lajkar \u00c5berg inl\u00e4gget och skriver:\u00a0<\/p>\n<p>\u201dSuperintressant och trevligt, som avslutades med en fint ordnad middag gemytlig st\u00e4mning och m\u00e5nga skratt\u201d.<\/p>\n<p>\u00c5terkommer inte<\/p>\n<p>Expo har vid upprepade tillf\u00e4llen s\u00f6kt Barbara \u00c5berg f\u00f6r en kommentar, men hon har inte \u00e5terkommit.<\/p>\n<p>\u00c4ven partiets gruppledare i Skurup kommunfullm\u00e4ktige Lars Nystr\u00f6m f\u00e5r fr\u00e5gan om att ge sin syn p\u00e5 Barbara \u00c5bergs olika utspel p\u00e5 n\u00e4tet. <\/p>\n<p>\u2013 Jag k\u00e4nner inte till detaljerna och SD Skurup st\u00e5r p\u00e5 inget s\u00e4tt bakom detta du tar upp, skriver han i ett mejlsvar.<\/p>\n<p>N\u00e4r Expo svarar att han kan f\u00e5 fler detaljer kring vad \u00c5berg gett uttryck f\u00f6r och ber om att f\u00e5 g\u00f6ra en intervju s\u00e5 f\u00e5r vi inget svar.<\/p>\n<p><a href=\"https:\/\/expo.se\/profil\/anders-dalsbro\/\" class=\"byline block-link-hover\" rel=\"nofollow noopener\" target=\"_blank\"><img decoding=\"async\" data-lazyloaded=\"1\" class=\"byline__image\" alt=\"Byline headshot\" src=\"https:\/\/www.europesays.com\/se\/wp-content\/uploads\/2025\/09\/anders-dalsbro-byline.jpg\"\/><\/p>\n<p>Anders Dalsbro<\/p>\n<p><\/a><a href=\"https:\/\/expo.se\/profil\/niclas-nilsson\/\" class=\"byline block-link-hover\" rel=\"nofollow noopener\" target=\"_blank\"><img decoding=\"async\" data-lazyloaded=\"1\" class=\"byline__image\" alt=\"Byline headshot\" src=\"https:\/\/www.europesays.com\/se\/wp-content\/uploads\/2025\/09\/byline-niclas-nilsson-breddare.jpg\"\/><\/p>\n<p>Niclas Nilsson<\/p>\n<p><\/a><\/p>\n","protected":false},"excerpt":{"rendered":"En sverigedemokratisk lokalpolitiker i Skurups kommun sprider och delar \u00e5terkommande inl\u00e4gg som ifr\u00e5gas\u00e4tter vaccin och som beskriver EU:s&hellip;\n","protected":false},"author":2,"featured_media":103769,"comment_status":"","ping_status":"","sticky":false,"template":"","format":"standard","meta":{"footnotes":""},"categories":[12],"tags":[22,23,26,27,17,21,24,25,28,29,15,16,18,34,31,33,32,30,19,20],"class_list":{"0":"post-103768","1":"post","2":"type-post","3":"status-publish","4":"format-standard","5":"has-post-thumbnail","7":"category-sverige","8":"tag-breaking-news","9":"tag-breakingnews","10":"tag-featured-news","11":"tag-featurednews","12":"tag-headlines","13":"tag-huvudnyheter","14":"tag-latest-news","15":"tag-latestnews","16":"tag-main-news","17":"tag-mainnews","18":"tag-news","19":"tag-nyheter","20":"tag-rubriker","21":"tag-se","22":"tag-svenska","23":"tag-sverige","24":"tag-sweden","25":"tag-swedish","26":"tag-top-stories","27":"tag-topstories"},"share_on_mastodon":{"url":"https:\/\/pubeurope.com\/@se\/115706902996928334","error":""},"_links":{"self":[{"href":"https:\/\/www.europesays.com\/se\/wp-json\/wp\/v2\/posts\/103768","targetHints":{"allow":["GET"]}}],"collection":[{"href":"https:\/\/www.europesays.com\/se\/wp-json\/wp\/v2\/posts"}],"about":[{"href":"https:\/\/www.europesays.com\/se\/wp-json\/wp\/v2\/types\/post"}],"author":[{"embeddable":true,"href":"https:\/\/www.europesays.com\/se\/wp-json\/wp\/v2\/users\/2"}],"replies":[{"embeddable":true,"href":"https:\/\/www.europesays.com\/se\/wp-json\/wp\/v2\/comments?post=103768"}],"version-history":[{"count":0,"href":"https:\/\/www.europesays.com\/se\/wp-json\/wp\/v2\/posts\/103768\/revisions"}],"wp:featuredmedia":[{"embeddable":true,"href":"https:\/\/www.europesays.com\/se\/wp-json\/wp\/v2\/media\/103769"}],"wp:attachment":[{"href":"https:\/\/www.europesays.com\/se\/wp-json\/wp\/v2\/media?parent=103768"}],"wp:term":[{"taxonomy":"category","embeddable":true,"href":"https:\/\/www.europesays.com\/se\/wp-json\/wp\/v2\/categories?post=103768"},{"taxonomy":"post_tag","embeddable":true,"href":"https:\/\/www.europesays.com\/se\/wp-json\/wp\/v2\/tags?post=103768"}],"curies":[{"name":"wp","href":"https:\/\/api.w.org\/{rel}","templated":true}]}}