{"id":103788,"date":"2025-12-12T14:02:16","date_gmt":"2025-12-12T14:02:16","guid":{"rendered":"https:\/\/www.europesays.com\/se\/103788\/"},"modified":"2025-12-12T14:02:16","modified_gmt":"2025-12-12T14:02:16","slug":"bakgrunden-till-netflix-megaaffar-de-vill-inte","status":"publish","type":"post","link":"https:\/\/www.europesays.com\/se\/103788\/","title":{"rendered":"Bakgrunden till Netflix megaaff\u00e4r: \u201dDe vill inte\u201d"},"content":{"rendered":"<p>Historien om Netflix \u00e4r v\u00e4lskriven vid det h\u00e4r laget \u2013 Reed Hastings grundade bolaget 1997 sedan han f\u00e5tt b\u00f6ta 40 dollar f\u00f6r en f\u00f6rsenad videofilm. Jeff Bezos Amazon skickade redan d\u00e5 b\u00f6cker f\u00f6r miljoner via internet och Hastings undrade om det inte gick att skicka dvd-filmer p\u00e5 samma s\u00e4tt.<\/p>\n<p>I b\u00f6rjan av december 2025 annonserade Netflix aff\u00e4ren d\u00e4r bolaget k\u00f6per HBO (Home Box Office), en del av Warner Bros, f\u00f6r n\u00e5gonstans mellan 70 och 80 miljarder dollar. Sedan dess har Paramount lagt ett konkurrerande bud v\u00e4rt bort\u00e5t 100 miljarder dollar.<\/p>\n","protected":false},"excerpt":{"rendered":"Historien om Netflix \u00e4r v\u00e4lskriven vid det h\u00e4r laget \u2013 Reed Hastings grundade bolaget 1997 sedan han f\u00e5tt&hellip;\n","protected":false},"author":2,"featured_media":103789,"comment_status":"","ping_status":"","sticky":false,"template":"","format":"standard","meta":{"footnotes":""},"categories":[5],"tags":[22,23,26,27,17,21,24,25,28,29,15,16,18,34,31,33,32,30,19,20],"class_list":{"0":"post-103788","1":"post","2":"type-post","3":"status-publish","4":"format-standard","5":"has-post-thumbnail","7":"category-rubriker","8":"tag-breaking-news","9":"tag-breakingnews","10":"tag-featured-news","11":"tag-featurednews","12":"tag-headlines","13":"tag-huvudnyheter","14":"tag-latest-news","15":"tag-latestnews","16":"tag-main-news","17":"tag-mainnews","18":"tag-news","19":"tag-nyheter","20":"tag-rubriker","21":"tag-se","22":"tag-svenska","23":"tag-sverige","24":"tag-sweden","25":"tag-swedish","26":"tag-top-stories","27":"tag-topstories"},"share_on_mastodon":{"url":"https:\/\/pubeurope.com\/@se\/115706969630699097","error":""},"_links":{"self":[{"href":"https:\/\/www.europesays.com\/se\/wp-json\/wp\/v2\/posts\/103788","targetHints":{"allow":["GET"]}}],"collection":[{"href":"https:\/\/www.europesays.com\/se\/wp-json\/wp\/v2\/posts"}],"about":[{"href":"https:\/\/www.europesays.com\/se\/wp-json\/wp\/v2\/types\/post"}],"author":[{"embeddable":true,"href":"https:\/\/www.europesays.com\/se\/wp-json\/wp\/v2\/users\/2"}],"replies":[{"embeddable":true,"href":"https:\/\/www.europesays.com\/se\/wp-json\/wp\/v2\/comments?post=103788"}],"version-history":[{"count":0,"href":"https:\/\/www.europesays.com\/se\/wp-json\/wp\/v2\/posts\/103788\/revisions"}],"wp:featuredmedia":[{"embeddable":true,"href":"https:\/\/www.europesays.com\/se\/wp-json\/wp\/v2\/media\/103789"}],"wp:attachment":[{"href":"https:\/\/www.europesays.com\/se\/wp-json\/wp\/v2\/media?parent=103788"}],"wp:term":[{"taxonomy":"category","embeddable":true,"href":"https:\/\/www.europesays.com\/se\/wp-json\/wp\/v2\/categories?post=103788"},{"taxonomy":"post_tag","embeddable":true,"href":"https:\/\/www.europesays.com\/se\/wp-json\/wp\/v2\/tags?post=103788"}],"curies":[{"name":"wp","href":"https:\/\/api.w.org\/{rel}","templated":true}]}}