{"id":103796,"date":"2025-12-12T14:09:12","date_gmt":"2025-12-12T14:09:12","guid":{"rendered":"https:\/\/www.europesays.com\/se\/103796\/"},"modified":"2025-12-12T14:09:12","modified_gmt":"2025-12-12T14:09:12","slug":"regeringen-ser-over-civilplikt-inom-befolkningsskyddet","status":"publish","type":"post","link":"https:\/\/www.europesays.com\/se\/103796\/","title":{"rendered":"Regeringen ser \u00f6ver civilplikt inom befolkningsskyddet"},"content":{"rendered":"<p>&#13;<br \/>\nAtt skydda civilbefolkningen \u00e4r en viktig uppgift f\u00f6r det civila f\u00f6rsvaret i h\u00e4ndelse av krig. Att vidta r\u00e4tt \u00e5tg\u00e4rder kan ytterst vara avg\u00f6rande f\u00f6r befolkningens \u00f6verlevnad. Regeringen gav d\u00e4rf\u00f6r tidigare i \u00e5r Myndigheten f\u00f6r samh\u00e4llsskydd och beredskap i uppdrag att f\u00f6rbereda inf\u00f6r civilplikt inom befolkningsskyddet.<\/p>\n<p>\u2013 Regeringen har aktiverat civilplikten p\u00e5 bred front. Nu handlar det om att skala upp verksamheten och att sakta men s\u00e4kert ut\u00f6ka antalet verksamhetsomr\u00e5den d\u00e4r kvinnor och m\u00e4n kan b\u00f6rja utbildas med civilplikt. Befolkningsskyddet \u00e4r ett s\u00e5dant omr\u00e5de och MSB:s redovisning \u00e4r en viktig pusselbit i det fortsatta arbetet, s\u00e4ger minister f\u00f6r civilt f\u00f6rsvar Carl-Oskar Bohlin.<\/p>\n<p>Regeringen gav den 9 januari Myndigheten f\u00f6r samh\u00e4llsskydd och beredskap (MSB) i uppdrag att se \u00f6ver vad som beh\u00f6vs f\u00f6r att totalf\u00f6rsvarspliktiga ska kunna skrivas in, utbildas och krigsplaceras med civilplikt inom befolkningsskyddet. Den 10 december \u00e5terkom myndigheten med slutredovisningen.<\/p>\n<p>MSB har bed\u00f6mt hur civilplikt skulle kunna anv\u00e4ndas f\u00f6r att s\u00e4kra personalf\u00f6rs\u00f6rjningen inom befolkningsskyddet, huvudsakligen kopplat till iordningsst\u00e4llande och drift av skyddsrum samt vid utrymning. Bed\u00f6mningarna g\u00f6rs bland annat utifr\u00e5n hur personalbehovet ser ut och vilka utbildningar som beh\u00f6vs.<\/p>\n<p>Regeringen kommer nu att ta till sig f\u00f6rslagen och \u00e5terkomma med \u00e5tg\u00e4rder.<\/p>\n","protected":false},"excerpt":{"rendered":"&#13; Att skydda civilbefolkningen \u00e4r en viktig uppgift f\u00f6r det civila f\u00f6rsvaret i h\u00e4ndelse av krig. Att vidta&hellip;\n","protected":false},"author":2,"featured_media":67452,"comment_status":"","ping_status":"","sticky":false,"template":"","format":"standard","meta":{"footnotes":""},"categories":[12],"tags":[22,23,26,27,17,21,24,25,28,29,15,16,18,34,31,33,32,30,19,20],"class_list":{"0":"post-103796","1":"post","2":"type-post","3":"status-publish","4":"format-standard","5":"has-post-thumbnail","7":"category-sverige","8":"tag-breaking-news","9":"tag-breakingnews","10":"tag-featured-news","11":"tag-featurednews","12":"tag-headlines","13":"tag-huvudnyheter","14":"tag-latest-news","15":"tag-latestnews","16":"tag-main-news","17":"tag-mainnews","18":"tag-news","19":"tag-nyheter","20":"tag-rubriker","21":"tag-se","22":"tag-svenska","23":"tag-sverige","24":"tag-sweden","25":"tag-swedish","26":"tag-top-stories","27":"tag-topstories"},"share_on_mastodon":{"url":"https:\/\/pubeurope.com\/@se\/115706997191015624","error":""},"_links":{"self":[{"href":"https:\/\/www.europesays.com\/se\/wp-json\/wp\/v2\/posts\/103796","targetHints":{"allow":["GET"]}}],"collection":[{"href":"https:\/\/www.europesays.com\/se\/wp-json\/wp\/v2\/posts"}],"about":[{"href":"https:\/\/www.europesays.com\/se\/wp-json\/wp\/v2\/types\/post"}],"author":[{"embeddable":true,"href":"https:\/\/www.europesays.com\/se\/wp-json\/wp\/v2\/users\/2"}],"replies":[{"embeddable":true,"href":"https:\/\/www.europesays.com\/se\/wp-json\/wp\/v2\/comments?post=103796"}],"version-history":[{"count":0,"href":"https:\/\/www.europesays.com\/se\/wp-json\/wp\/v2\/posts\/103796\/revisions"}],"wp:featuredmedia":[{"embeddable":true,"href":"https:\/\/www.europesays.com\/se\/wp-json\/wp\/v2\/media\/67452"}],"wp:attachment":[{"href":"https:\/\/www.europesays.com\/se\/wp-json\/wp\/v2\/media?parent=103796"}],"wp:term":[{"taxonomy":"category","embeddable":true,"href":"https:\/\/www.europesays.com\/se\/wp-json\/wp\/v2\/categories?post=103796"},{"taxonomy":"post_tag","embeddable":true,"href":"https:\/\/www.europesays.com\/se\/wp-json\/wp\/v2\/tags?post=103796"}],"curies":[{"name":"wp","href":"https:\/\/api.w.org\/{rel}","templated":true}]}}