{"id":103813,"date":"2025-12-12T14:27:10","date_gmt":"2025-12-12T14:27:10","guid":{"rendered":"https:\/\/www.europesays.com\/se\/103813\/"},"modified":"2025-12-12T14:27:10","modified_gmt":"2025-12-12T14:27:10","slug":"fritt-fram-att-servera-alkohol-utan-lokal-i-stockholm","status":"publish","type":"post","link":"https:\/\/www.europesays.com\/se\/103813\/","title":{"rendered":"Fritt fram att servera alkohol utan lokal i Stockholm"},"content":{"rendered":"<p>Krogar i Stockholm f\u00e5r nu servera alkohol \u00e4ven om de bara har uteservering, rapporterar TT. Kammarr\u00e4tten i Stockholm har slagit fast att alkohollagen inte hindrar verksamheter utan inomhusplatser fr\u00e5n att f\u00e5 serveringstillst\u00e5nd.<\/p>\n<p>Domen \u00e4ndrar den tidigare praxis som grundades p\u00e5 ett beslut i kammarr\u00e4tten i G\u00f6teborg, vilket lett till avslag f\u00f6r flera restauranger. <\/p>\n<p>\u2013 Nu har vi en ny praxis att f\u00f6lja och har ingen anledning att pr\u00f6va det i en h\u00f6gre instans, s\u00e4ger social- och trygghetsborgarr\u00e5det Alexander Ojanne (S) till Mitt i Stockholm.<\/p>\n<p> Oppositionsborgarr\u00e5det Dennis Wedin (M) har kr\u00e4vt en offentlig urs\u00e4kt till restaurangen Liebling, som var en av de verksamheter som inte fick tillst\u00e5nd att servera alkohol i somras. <\/p>\n<p>Omni \u00e4r politiskt obundna och oberoende. Vi str\u00e4var efter att ge fler perspektiv p\u00e5 nyheterna. Har du fr\u00e5gor eller synpunkter kring v\u00e5r rapportering? <a href=\"https:\/\/omni.se\/fritt-fram-att-servera-alkohol-utan-lokal-i-stockholm\/a\/mailto:redaktion@omni.se\" class=\"ArticleActions_contactLink__W2F1M\" rel=\"nofollow noopener\" target=\"_blank\">Kontakta redaktionen<\/a><\/p>\n","protected":false},"excerpt":{"rendered":"Krogar i Stockholm f\u00e5r nu servera alkohol \u00e4ven om de bara har uteservering, rapporterar TT. Kammarr\u00e4tten i Stockholm&hellip;\n","protected":false},"author":2,"featured_media":103814,"comment_status":"","ping_status":"","sticky":false,"template":"","format":"standard","meta":{"footnotes":""},"categories":[5],"tags":[11737,22,23,11738,26,27,17,21,120,24,25,28,29,551,15,16,18,34,1557,258,127,31,33,32,30,19,20],"class_list":{"0":"post-103813","1":"post","2":"type-post","3":"status-publish","4":"format-standard","5":"has-post-thumbnail","7":"category-rubriker","8":"tag-alexander-ojanne","9":"tag-breaking-news","10":"tag-breakingnews","11":"tag-dennis-wedin","12":"tag-featured-news","13":"tag-featurednews","14":"tag-headlines","15":"tag-huvudnyheter","16":"tag-lag-ratt","17":"tag-latest-news","18":"tag-latestnews","19":"tag-main-news","20":"tag-mainnews","21":"tag-moderaterna","22":"tag-news","23":"tag-nyheter","24":"tag-rubriker","25":"tag-se","26":"tag-socialdemokraterna","27":"tag-stockholm","28":"tag-stockholms-lan","29":"tag-svenska","30":"tag-sverige","31":"tag-sweden","32":"tag-swedish","33":"tag-top-stories","34":"tag-topstories"},"share_on_mastodon":{"url":"https:\/\/pubeurope.com\/@se\/115707067988198664","error":""},"_links":{"self":[{"href":"https:\/\/www.europesays.com\/se\/wp-json\/wp\/v2\/posts\/103813","targetHints":{"allow":["GET"]}}],"collection":[{"href":"https:\/\/www.europesays.com\/se\/wp-json\/wp\/v2\/posts"}],"about":[{"href":"https:\/\/www.europesays.com\/se\/wp-json\/wp\/v2\/types\/post"}],"author":[{"embeddable":true,"href":"https:\/\/www.europesays.com\/se\/wp-json\/wp\/v2\/users\/2"}],"replies":[{"embeddable":true,"href":"https:\/\/www.europesays.com\/se\/wp-json\/wp\/v2\/comments?post=103813"}],"version-history":[{"count":0,"href":"https:\/\/www.europesays.com\/se\/wp-json\/wp\/v2\/posts\/103813\/revisions"}],"wp:featuredmedia":[{"embeddable":true,"href":"https:\/\/www.europesays.com\/se\/wp-json\/wp\/v2\/media\/103814"}],"wp:attachment":[{"href":"https:\/\/www.europesays.com\/se\/wp-json\/wp\/v2\/media?parent=103813"}],"wp:term":[{"taxonomy":"category","embeddable":true,"href":"https:\/\/www.europesays.com\/se\/wp-json\/wp\/v2\/categories?post=103813"},{"taxonomy":"post_tag","embeddable":true,"href":"https:\/\/www.europesays.com\/se\/wp-json\/wp\/v2\/tags?post=103813"}],"curies":[{"name":"wp","href":"https:\/\/api.w.org\/{rel}","templated":true}]}}