{"id":103817,"date":"2025-12-12T14:30:35","date_gmt":"2025-12-12T14:30:35","guid":{"rendered":"https:\/\/www.europesays.com\/se\/103817\/"},"modified":"2025-12-12T14:30:35","modified_gmt":"2025-12-12T14:30:35","slug":"chrippas-syrliga-svar-efter-jockes-harda-ord-i-svt","status":"publish","type":"post","link":"https:\/\/www.europesays.com\/se\/103817\/","title":{"rendered":"Chrippas syrliga svar efter Jockes h\u00e5rda ord i SVT"},"content":{"rendered":"<p>Publicerad 11 dec 2025 kl 06.30Uppdaterad kl 10.47<\/p>\n<p>Joakim Lundell s\u00e4ger i SVT:s granskning att han tror att hans bror Christofer Lundstr\u00f6m lider av grov psykopati.<\/p>\n<p>Nu ger Lundst\u00f6m ett syrligt svar p\u00e5 <a href=\"https:\/\/www.youtube.com\/watch?v=BwDwN72D3Fc&amp;t=193s\" rel=\"nofollow noopener\" target=\"_blank\">Youtube. <\/a>\u00a0<\/p>\n<p>Samtidigt menar Lundell att citaten \u00e4r tagna ur sitt sammanhang.\u00a0<\/p>\n<p><img loading=\"lazy\"   alt=\"\"\/><\/p>\n<p>Joakim Lundell i SVT:s granskning.<\/p>\n<p>Foto: SVT<\/p>\n<p>\u00d6ppna bild i helsk\u00e4rm<img loading=\"lazy\"   alt=\"\"\/><\/p>\n<p>Christofer Lundstr\u00f6m under r\u00e4tteg\u00e5ngen f\u00f6rra veckan.<\/p>\n<p>Foto: MAGNUS ANDERSSON<\/p>\n<p>\u00d6ppna bild i helsk\u00e4rm<\/p>\n<p>I den senaste delen av SVT:s granskning \u201dDokument inifr\u00e5n: Hatet\u201d s\u00e4ger <a href=\"https:\/\/www.expressen.se\/tagg\/person\/joakim-lundell\/\" class=\"\" rel=\"nofollow noopener\" target=\"_blank\">Joakim Lundell<\/a> att han tror att brodern Christofer \u201dChrippa\u201d Lundstr\u00f6m lider av en personlighetsst\u00f6rning.<\/p>\n<p>\u2013 En riktigt grov psykopati, han k\u00e4nner inte f\u00f6r andra m\u00e4nniskor. Han bryr sig bara om sig sj\u00e4lv och blir psykopaten hotad d\u00e5 v\u00e4nds fem\u00f6ringen, s\u00e4ger han i programmet.\u00a0<\/p>\n<p>Christofer Lundstr\u00f6m har kommenterat det nya avsnittet p\u00e5 <a href=\"https:\/\/www.youtube.com\/watch?v=BwDwN72D3Fc&amp;t=193s\" rel=\"nofollow noopener\" target=\"_blank\">Youtube <\/a>och n\u00e4r han ser sin brors kommentar blir tonen syrligt ironisk.<\/p>\n<p>\u2013 Jocke, jag \u00e4lskar sj\u00e4lvinsikten, det \u00e4r fantastiskt med tanke p\u00e5 f\u00f6rsta avsnittet, jag tycker att du nailar det perfekt. Det \u00e4r f\u00f6rsta g\u00e5ngen jag \u00e4r imponerad \u00f6ver att du kan erk\u00e4nna vad du lider av, jag tycker att du ska forts\u00e4tta med det, jag gillar \u00e4nd\u00e5 att du talar sanning.\u00a0<\/p>\n<p>\u201dInte friskt normalt beteende\u201d<\/p>\n<p>Till Expressen s\u00e4ger Joakim Lundell att hans citat \u00e4r taget ur sin kontext.\u00a0<\/p>\n<p>\u2013 Det \u00e4r taget i SVT f\u00f6r att bygga dramatik. Det handlar om st\u00e4mplingen, menar han.\u00a0<\/p>\n<p>\u2013 Jag tycker ju inte att det ligger inom grunden f\u00f6r ett friskt normalt beteende att utan samvete kunna ombe n\u00e5n att utf\u00f6ra en grov misshandel.\u00a0<\/p>\n<p>Christofer Lundstr\u00f6m, som st\u00e5r \u00e5talad f\u00f6r flera grova ekobrott, har ett p\u00e5g\u00e5ende kontaktf\u00f6rbud mot sin bror och han har tidigare utretts f\u00f6r att ha best\u00e4llt ett misst\u00e4nkt v\u00e5ldsd\u00e5d mot honom. F\u00f6runders\u00f6kningen om st\u00e4mpling till grov misshandel lades dock ner.\u00a0<\/p>\n<p>\u201dDet g\u00e5r inte att bevisa att det funnits en konkret fara f\u00f6r brottets fullbordan eller att en s\u00e5dan fara inte varit ringa\u201d, skrev \u00e5klagaren.\u00a0<\/p>\n<p>SVT:s svar<\/p>\n<p>Skaparen av dokument\u00e4ren, Bo-G\u00f6ran Bodin, menar att citatet fr\u00e5n Joakim Lundell inte \u00e4r taget ur sitt sammanhang.\u00a0<\/p>\n<p>\u2013 Han \u00e4r ju pigg p\u00e5 att s\u00e4tta den typen av etiketter p\u00e5 sin bror s\u00e5 det tycker jag inte st\u00e4mmer.\u00a0<\/p>\n","protected":false},"excerpt":{"rendered":"Publicerad 11 dec 2025 kl 06.30Uppdaterad kl 10.47 Joakim Lundell s\u00e4ger i SVT:s granskning att han tror att&hellip;\n","protected":false},"author":2,"featured_media":103818,"comment_status":"","ping_status":"","sticky":false,"template":"","format":"standard","meta":{"footnotes":""},"categories":[67],"tags":[104,361,11572,2470,34,31,33,32,30,105],"class_list":{"0":"post-103817","1":"post","2":"type-post","3":"status-publish","4":"format-standard","5":"has-post-thumbnail","7":"category-underhallning","8":"tag-entertainment","9":"tag-organization-svt","10":"tag-person-christofer-chrippa-lundstrom","11":"tag-person-joakim-lundell","12":"tag-se","13":"tag-svenska","14":"tag-sverige","15":"tag-sweden","16":"tag-swedish","17":"tag-underhallning"},"share_on_mastodon":{"url":"https:\/\/pubeurope.com\/@se\/115707079829650514","error":""},"_links":{"self":[{"href":"https:\/\/www.europesays.com\/se\/wp-json\/wp\/v2\/posts\/103817","targetHints":{"allow":["GET"]}}],"collection":[{"href":"https:\/\/www.europesays.com\/se\/wp-json\/wp\/v2\/posts"}],"about":[{"href":"https:\/\/www.europesays.com\/se\/wp-json\/wp\/v2\/types\/post"}],"author":[{"embeddable":true,"href":"https:\/\/www.europesays.com\/se\/wp-json\/wp\/v2\/users\/2"}],"replies":[{"embeddable":true,"href":"https:\/\/www.europesays.com\/se\/wp-json\/wp\/v2\/comments?post=103817"}],"version-history":[{"count":0,"href":"https:\/\/www.europesays.com\/se\/wp-json\/wp\/v2\/posts\/103817\/revisions"}],"wp:featuredmedia":[{"embeddable":true,"href":"https:\/\/www.europesays.com\/se\/wp-json\/wp\/v2\/media\/103818"}],"wp:attachment":[{"href":"https:\/\/www.europesays.com\/se\/wp-json\/wp\/v2\/media?parent=103817"}],"wp:term":[{"taxonomy":"category","embeddable":true,"href":"https:\/\/www.europesays.com\/se\/wp-json\/wp\/v2\/categories?post=103817"},{"taxonomy":"post_tag","embeddable":true,"href":"https:\/\/www.europesays.com\/se\/wp-json\/wp\/v2\/tags?post=103817"}],"curies":[{"name":"wp","href":"https:\/\/api.w.org\/{rel}","templated":true}]}}