{"id":103822,"date":"2025-12-12T14:37:25","date_gmt":"2025-12-12T14:37:25","guid":{"rendered":"https:\/\/www.europesays.com\/se\/103822\/"},"modified":"2025-12-12T14:37:25","modified_gmt":"2025-12-12T14:37:25","slug":"avslojar-hysen-hogaktuell-for-nytt-tranaruppdrag-duon-nara-losning","status":"publish","type":"post","link":"https:\/\/www.europesays.com\/se\/103822\/","title":{"rendered":"AVSL\u00d6JAR:\u00a0Hys\u00e9n h\u00f6gaktuell f\u00f6r nytt tr\u00e4naruppdrag\u00a0&#8211; duon n\u00e4ra l\u00f6sning \u00a0"},"content":{"rendered":"<p><strong>Varberg jagar nya tr\u00e4nare. <br \/>Nu kan FotbollDirekt avsl\u00f6ja att Viktor Salw\u00e9n och f\u00f6rre toppspelaren Tobias Hys\u00e9n \u00e4r h\u00f6gaktuella ta \u00f6ver.\u00a0<br \/>\u2013 Vi tittar p\u00e5 flera olika namn men jag vill inte s\u00e4ga mer \u00e4n s\u00e5 f\u00f6rr\u00e4n det \u00e4r klart, bem\u00f6ter sportchef Erik Lund f\u00f6r FD.\u00a0<\/strong><\/p>\n<p><img loading=\"lazy\" decoding=\"async\" width=\"1024\" height=\"576\" src=\"https:\/\/www.europesays.com\/se\/wp-content\/uploads\/2025\/12\/hysen1-1024x576.jpg\" alt=\"\" class=\"wp-image-349635\"  \/>Foto: Bildbyr\u00e5n<\/p>\n<p>Det har inte g\u00e5tt mer \u00e4n n\u00e5gra dagar sedan Roar Hansen valde att l\u00e4mna <a href=\"https:\/\/fotbolldirekt.se\/klubb\/varbergs-bois\/\" rel=\"nofollow noopener\" target=\"_blank\">Varberg<\/a> efter ett starkt \u00e5r.\u00a0<br \/>Efter den fina sj\u00e4tteplatsen s\u00e5 kan nu BoIS g\u00e5 vidare med bland annat ex-stj\u00e4rnan Tobias Hys\u00e9n.\u00a0<\/p>\n<p>Enligt FotbollDirekts uppgifter vill BoIS ha in honom och en roll som assisterande uppges vara det som diskuteras.\u00a0<br \/>Huvudtr\u00e4narposten ser ut att tas om hand av Viktor Salw\u00e9n som redan finns i klubben och tidigare bland annat haft uppdrag i Elfsborg.\u00a0<\/p>\n<p>\u2013 Vi tittar p\u00e5 flera olika namn men jag vill inte s\u00e4ga mer \u00e4n s\u00e5 f\u00f6rr\u00e4n det \u00e4r klart, bem\u00f6ter sportchef Erik Lund f\u00f6r FotbollDirekt.\u00a0<br \/>\u2013 Jag v\u00e4ljer att vara s\u00e5 tr\u00e5kig i det h\u00e4r l\u00e4get i s\u00e4ttet jag kommenterar.\u00a0<\/p>\n<p>Tobias Hys\u00e9n har senaste \u00e5ren haft uppdrag f\u00f6r bland annat Utsikten, Tv\u00e5\u00e5ker och Kungsbacka\u00a0i division 4.\u00a0<\/p>\n","protected":false},"excerpt":{"rendered":"Varberg jagar nya tr\u00e4nare. Nu kan FotbollDirekt avsl\u00f6ja att Viktor Salw\u00e9n och f\u00f6rre toppspelaren Tobias Hys\u00e9n \u00e4r h\u00f6gaktuella&hellip;\n","protected":false},"author":2,"featured_media":103823,"comment_status":"","ping_status":"","sticky":false,"template":"","format":"standard","meta":{"footnotes":""},"categories":[68],"tags":[173,34,111,110,31,33,32,30],"class_list":{"0":"post-103822","1":"post","2":"type-post","3":"status-publish","4":"format-standard","5":"has-post-thumbnail","7":"category-sport","8":"tag-plus-blocket","9":"tag-se","10":"tag-sport","11":"tag-sports","12":"tag-svenska","13":"tag-sverige","14":"tag-sweden","15":"tag-swedish"},"share_on_mastodon":{"url":"https:\/\/pubeurope.com\/@se\/115707107434383169","error":""},"_links":{"self":[{"href":"https:\/\/www.europesays.com\/se\/wp-json\/wp\/v2\/posts\/103822","targetHints":{"allow":["GET"]}}],"collection":[{"href":"https:\/\/www.europesays.com\/se\/wp-json\/wp\/v2\/posts"}],"about":[{"href":"https:\/\/www.europesays.com\/se\/wp-json\/wp\/v2\/types\/post"}],"author":[{"embeddable":true,"href":"https:\/\/www.europesays.com\/se\/wp-json\/wp\/v2\/users\/2"}],"replies":[{"embeddable":true,"href":"https:\/\/www.europesays.com\/se\/wp-json\/wp\/v2\/comments?post=103822"}],"version-history":[{"count":0,"href":"https:\/\/www.europesays.com\/se\/wp-json\/wp\/v2\/posts\/103822\/revisions"}],"wp:featuredmedia":[{"embeddable":true,"href":"https:\/\/www.europesays.com\/se\/wp-json\/wp\/v2\/media\/103823"}],"wp:attachment":[{"href":"https:\/\/www.europesays.com\/se\/wp-json\/wp\/v2\/media?parent=103822"}],"wp:term":[{"taxonomy":"category","embeddable":true,"href":"https:\/\/www.europesays.com\/se\/wp-json\/wp\/v2\/categories?post=103822"},{"taxonomy":"post_tag","embeddable":true,"href":"https:\/\/www.europesays.com\/se\/wp-json\/wp\/v2\/tags?post=103822"}],"curies":[{"name":"wp","href":"https:\/\/api.w.org\/{rel}","templated":true}]}}