{"id":103825,"date":"2025-12-12T14:41:12","date_gmt":"2025-12-12T14:41:12","guid":{"rendered":"https:\/\/www.europesays.com\/se\/103825\/"},"modified":"2025-12-12T14:41:12","modified_gmt":"2025-12-12T14:41:12","slug":"fredspristagare-uppges-gripen-i-iran","status":"publish","type":"post","link":"https:\/\/www.europesays.com\/se\/103825\/","title":{"rendered":"Fredspristagare uppges gripen i Iran"},"content":{"rendered":"<p class=\"boxtextgrotesk-root_baa6 hyperion-css-7pajle\">Uppdaterad 15.10 | Publicerad 14.59<\/p>\n<p>share-arrowDela<\/p>\n<p>unsaveSpara<\/p>\n<p>expand-left<\/p>\n<p>helsk\u00e4rm<img decoding=\"async\" class=\"image-asset hyperion-css-u06ts1\" data-test-tag=\"image-asset\" src=\"https:\/\/www.europesays.com\/se\/wp-content\/uploads\/2025\/12\/f8020634-d9f1-42a8-87cd-02bd982fb421\"  alt=\"M\u00e4nniskor\u00e4ttsaktivisten Narges Mohammadis barn tog emot hennes fredspris 2023 d\u00e5 hon satt f\u00e4ngslad i Iran. Arkivbild.\"  loading=\"eager\" fetchpriority=\"high\" style=\"aspect-ratio:1900 \/ 1266\"\/>M\u00e4nniskor\u00e4ttsaktivisten Narges Mohammadis barn tog emot hennes fredspris 2023 d\u00e5 hon satt f\u00e4ngslad i Iran. Arkivbild. Foto: Fredrik Varfjell\/NTB\/TT<\/p>\n<p class=\"hyperion-css-1shl3oz\" data-test-tag=\"lead-text\">M\u00e4nniskor\u00e4ttsaktivisten Narges Mohammadi, som 2023 tilldelades Nobels fredspris, har gripits i Iran, uppger hennes anh\u00e4ngare.<\/p>\n<p class=\"hyperion-css-1v9qo5x\">Iranska s\u00e4kerhetsstyrkor ska ha gripit henne p\u00e5 ett \u201dv\u00e5ldsamt\u201d s\u00e4tt under en minnesstund, skriver hennes organisation p\u00e5 X. \u00c4ven ett flertal andra aktivister uppges ha gripits.<\/p>\n<p class=\"hyperion-css-1v9qo5x\">Anh\u00e4ngare har varnat i m\u00e5nader f\u00f6r att hon riskerar att f\u00e4ngslas igen efter att hon i december 2024 fick en tidsbegr\u00e4nsad sjukv\u00e5rdspermission. Hon har tillbringat stora delar av de senaste tio \u00e5ren i det \u00f6k\u00e4nda Evinf\u00e4ngelset i Teheran.<\/p>\n<p class=\"hyperion-css-1v9qo5x\">53-\u00e5rigen tilldelades fredspriset 2023 f\u00f6r sin kamp f\u00f6r kvinnors och m\u00e4nskliga r\u00e4ttigheter i sitt hemland. Mohammadis tv\u00e5 barn och man bor i Paris och enligt henne sj\u00e4lv har hon permanent f\u00f6rbjudits att l\u00e4mna Iran.<\/p>\n<p class=\"hyperion-css-1v9qo5x\">Iran har inte kommenterat uppgifterna.<\/p>\n","protected":false},"excerpt":{"rendered":"Uppdaterad 15.10 | Publicerad 14.59 share-arrowDela unsaveSpara expand-left helsk\u00e4rmM\u00e4nniskor\u00e4ttsaktivisten Narges Mohammadis barn tog emot hennes fredspris 2023 d\u00e5&hellip;\n","protected":false},"author":2,"featured_media":103826,"comment_status":"","ping_status":"","sticky":false,"template":"","format":"standard","meta":{"footnotes":""},"categories":[14],"tags":[22,23,26,27,17,21,24,25,28,29,15,16,18,34,31,33,32,30,19,20,51,52,53,54],"class_list":{"0":"post-103825","1":"post","2":"type-post","3":"status-publish","4":"format-standard","5":"has-post-thumbnail","7":"category-varlden","8":"tag-breaking-news","9":"tag-breakingnews","10":"tag-featured-news","11":"tag-featurednews","12":"tag-headlines","13":"tag-huvudnyheter","14":"tag-latest-news","15":"tag-latestnews","16":"tag-main-news","17":"tag-mainnews","18":"tag-news","19":"tag-nyheter","20":"tag-rubriker","21":"tag-se","22":"tag-svenska","23":"tag-sverige","24":"tag-sweden","25":"tag-swedish","26":"tag-top-stories","27":"tag-topstories","28":"tag-varlden","29":"tag-world","30":"tag-world-news","31":"tag-worldnews"},"share_on_mastodon":{"url":"https:\/\/pubeurope.com\/@se\/115707123163723587","error":""},"_links":{"self":[{"href":"https:\/\/www.europesays.com\/se\/wp-json\/wp\/v2\/posts\/103825","targetHints":{"allow":["GET"]}}],"collection":[{"href":"https:\/\/www.europesays.com\/se\/wp-json\/wp\/v2\/posts"}],"about":[{"href":"https:\/\/www.europesays.com\/se\/wp-json\/wp\/v2\/types\/post"}],"author":[{"embeddable":true,"href":"https:\/\/www.europesays.com\/se\/wp-json\/wp\/v2\/users\/2"}],"replies":[{"embeddable":true,"href":"https:\/\/www.europesays.com\/se\/wp-json\/wp\/v2\/comments?post=103825"}],"version-history":[{"count":0,"href":"https:\/\/www.europesays.com\/se\/wp-json\/wp\/v2\/posts\/103825\/revisions"}],"wp:featuredmedia":[{"embeddable":true,"href":"https:\/\/www.europesays.com\/se\/wp-json\/wp\/v2\/media\/103826"}],"wp:attachment":[{"href":"https:\/\/www.europesays.com\/se\/wp-json\/wp\/v2\/media?parent=103825"}],"wp:term":[{"taxonomy":"category","embeddable":true,"href":"https:\/\/www.europesays.com\/se\/wp-json\/wp\/v2\/categories?post=103825"},{"taxonomy":"post_tag","embeddable":true,"href":"https:\/\/www.europesays.com\/se\/wp-json\/wp\/v2\/tags?post=103825"}],"curies":[{"name":"wp","href":"https:\/\/api.w.org\/{rel}","templated":true}]}}