{"id":103827,"date":"2025-12-12T14:43:12","date_gmt":"2025-12-12T14:43:12","guid":{"rendered":"https:\/\/www.europesays.com\/se\/103827\/"},"modified":"2025-12-12T14:43:12","modified_gmt":"2025-12-12T14:43:12","slug":"usa-har-borjat-skicka-migranter-till-kosovo","status":"publish","type":"post","link":"https:\/\/www.europesays.com\/se\/103827\/","title":{"rendered":"USA har b\u00f6rjat skicka migranter till Kosovo"},"content":{"rendered":"<p>share-arrowDela<\/p>\n<p>unsaveSpara<\/p>\n<p>expand-left<\/p>\n<p>helsk\u00e4rm<img decoding=\"async\" class=\"image-asset hyperion-css-u06ts1\" data-test-tag=\"image-asset\" src=\"https:\/\/www.europesays.com\/se\/wp-content\/uploads\/2025\/12\/b1678c15-7761-4d1e-999c-9cf1ec69d451\"  alt=\"Kosovos premi\u00e4rminister Albin Kurti. Arkivbild.\"  loading=\"eager\" fetchpriority=\"high\" style=\"aspect-ratio:1900 \/ 1268\"\/>Kosovos premi\u00e4rminister Albin Kurti. Arkivbild. Foto: Vlasov Sulaj\/AP\/TT<\/p>\n<p class=\"hyperion-css-1shl3oz\" data-test-tag=\"lead-text\">Kosovo har b\u00f6rjat ta emot migranter som deporteras fr\u00e5n USA, bekr\u00e4ftar premi\u00e4rminister Albin Kurti.<\/p>\n<p class=\"hyperion-css-1v9qo5x\">Det lilla landet p\u00e5 Balkan tecknade i somras avtal med USA:s regering om att ta emot upp till 50 migranter som ska deporteras till sina heml\u00e4nder.<\/p>\n<p class=\"hyperion-css-1v9qo5x\">\u2013 Om jag inte misstar mig s\u00e5 befinner sig en eller tv\u00e5 av dem h\u00e4r, sade Kurti i en tv-intervju p\u00e5 torsdagskv\u00e4llen.<\/p>\n<p class=\"hyperion-css-1v9qo5x\">USA har slutit liknande avtal med l\u00e4nder som Eswatini, Ghana, Rwanda och konflikth\u00e4rjade Sydsudan. M\u00e5nga m\u00e4nniskor har ocks\u00e5 skickats till l\u00e4nder i Centralamerika.<\/p>\n<p class=\"hyperion-css-1v9qo5x\">Kosovo har vid sidan av detta avtalat med Danmark om att hyra ut f\u00e4ngelseplatser till d\u00f6mda personer.<\/p>\n<p class=\"hyperion-css-1v9qo5x\">I m\u00e5ndags enades EU:s l\u00e4nder om att det ska vara m\u00f6jligt att under handl\u00e4ggningstiden skicka asyls\u00f6kande personer till l\u00e4nder utanf\u00f6r unionen som bed\u00f6ms vara s\u00e4kra.<\/p>\n","protected":false},"excerpt":{"rendered":"share-arrowDela unsaveSpara expand-left helsk\u00e4rmKosovos premi\u00e4rminister Albin Kurti. Arkivbild. Foto: Vlasov Sulaj\/AP\/TT Kosovo har b\u00f6rjat ta emot migranter som&hellip;\n","protected":false},"author":2,"featured_media":103828,"comment_status":"","ping_status":"","sticky":false,"template":"","format":"standard","meta":{"footnotes":""},"categories":[5],"tags":[22,23,26,27,17,21,24,25,28,29,15,16,18,34,31,33,32,30,19,20],"class_list":{"0":"post-103827","1":"post","2":"type-post","3":"status-publish","4":"format-standard","5":"has-post-thumbnail","7":"category-rubriker","8":"tag-breaking-news","9":"tag-breakingnews","10":"tag-featured-news","11":"tag-featurednews","12":"tag-headlines","13":"tag-huvudnyheter","14":"tag-latest-news","15":"tag-latestnews","16":"tag-main-news","17":"tag-mainnews","18":"tag-news","19":"tag-nyheter","20":"tag-rubriker","21":"tag-se","22":"tag-svenska","23":"tag-sverige","24":"tag-sweden","25":"tag-swedish","26":"tag-top-stories","27":"tag-topstories"},"share_on_mastodon":{"url":"https:\/\/pubeurope.com\/@se\/115707131040512471","error":""},"_links":{"self":[{"href":"https:\/\/www.europesays.com\/se\/wp-json\/wp\/v2\/posts\/103827","targetHints":{"allow":["GET"]}}],"collection":[{"href":"https:\/\/www.europesays.com\/se\/wp-json\/wp\/v2\/posts"}],"about":[{"href":"https:\/\/www.europesays.com\/se\/wp-json\/wp\/v2\/types\/post"}],"author":[{"embeddable":true,"href":"https:\/\/www.europesays.com\/se\/wp-json\/wp\/v2\/users\/2"}],"replies":[{"embeddable":true,"href":"https:\/\/www.europesays.com\/se\/wp-json\/wp\/v2\/comments?post=103827"}],"version-history":[{"count":0,"href":"https:\/\/www.europesays.com\/se\/wp-json\/wp\/v2\/posts\/103827\/revisions"}],"wp:featuredmedia":[{"embeddable":true,"href":"https:\/\/www.europesays.com\/se\/wp-json\/wp\/v2\/media\/103828"}],"wp:attachment":[{"href":"https:\/\/www.europesays.com\/se\/wp-json\/wp\/v2\/media?parent=103827"}],"wp:term":[{"taxonomy":"category","embeddable":true,"href":"https:\/\/www.europesays.com\/se\/wp-json\/wp\/v2\/categories?post=103827"},{"taxonomy":"post_tag","embeddable":true,"href":"https:\/\/www.europesays.com\/se\/wp-json\/wp\/v2\/tags?post=103827"}],"curies":[{"name":"wp","href":"https:\/\/api.w.org\/{rel}","templated":true}]}}