{"id":103833,"date":"2025-12-12T14:51:09","date_gmt":"2025-12-12T14:51:09","guid":{"rendered":"https:\/\/www.europesays.com\/se\/103833\/"},"modified":"2025-12-12T14:51:09","modified_gmt":"2025-12-12T14:51:09","slug":"vintersport-anna-magnusson-pa-pallen-igen-tar-over-ledartrojan","status":"publish","type":"post","link":"https:\/\/www.europesays.com\/se\/103833\/","title":{"rendered":"Vintersport: Anna Magnusson p\u00e5 pallen igen \u2013 tar \u00f6ver ledartr\u00f6jan"},"content":{"rendered":"<p>Anna Magnusson har inlett s\u00e4songen p\u00e5 b\u00e4sta s\u00e4tt. <\/p>\n<p>Under fredagens sprint sk\u00f6t hon fullt och tog s\u00e4songens tredje pallplats n\u00e4r hon kom in trea, 16 l\u00e5ngsammare \u00e4n segraren Lou Jeanmonnot. <\/p>\n<p>\u2013 Det rullar p\u00e5 nu. Jag k\u00e4nner mig ganska lugn och v\u00e4ldigt med i huvudet hela tiden, s\u00e4ger hon till SVT.<\/p>\n<p>Tredjeplatsen inneb\u00e4r att svenskan kliver upp p\u00e5 239 po\u00e4ng, vilket g\u00f6r att hon nu leder den totala v\u00e4rldscupen. <\/p>\n<p>\u2013 Det \u00e4r verkligen en dr\u00f6m som g\u00e5r i upplevelse och det hade jag verkligen inte r\u00e4knat med. <\/p>\n<p>\u2013 Det \u00e4r sensationellt, s\u00e4ger SVT:s kommentator Niklas Nord i s\u00e4ndningen.<\/p>\n<p>N\u00e4st b\u00e4sta svensk blev Hanna \u00d6berg, som kom in p\u00e5 elfte plats. <\/p>\n<p>Ella Halvarsson blev 22:a, Elvira \u00d6berg 29:a, Linn Gestblom 37:a och Sara Andersson 64:a. <\/p>\n","protected":false},"excerpt":{"rendered":"Anna Magnusson har inlett s\u00e4songen p\u00e5 b\u00e4sta s\u00e4tt. Under fredagens sprint sk\u00f6t hon fullt och tog s\u00e4songens tredje&hellip;\n","protected":false},"author":2,"featured_media":103834,"comment_status":"","ping_status":"","sticky":false,"template":"","format":"standard","meta":{"footnotes":""},"categories":[5],"tags":[22,23,26,27,17,21,24,25,28,29,15,16,18,34,31,33,32,30,19,20],"class_list":{"0":"post-103833","1":"post","2":"type-post","3":"status-publish","4":"format-standard","5":"has-post-thumbnail","7":"category-rubriker","8":"tag-breaking-news","9":"tag-breakingnews","10":"tag-featured-news","11":"tag-featurednews","12":"tag-headlines","13":"tag-huvudnyheter","14":"tag-latest-news","15":"tag-latestnews","16":"tag-main-news","17":"tag-mainnews","18":"tag-news","19":"tag-nyheter","20":"tag-rubriker","21":"tag-se","22":"tag-svenska","23":"tag-sverige","24":"tag-sweden","25":"tag-swedish","26":"tag-top-stories","27":"tag-topstories"},"share_on_mastodon":{"url":"https:\/\/pubeurope.com\/@se\/115707162314706381","error":""},"_links":{"self":[{"href":"https:\/\/www.europesays.com\/se\/wp-json\/wp\/v2\/posts\/103833","targetHints":{"allow":["GET"]}}],"collection":[{"href":"https:\/\/www.europesays.com\/se\/wp-json\/wp\/v2\/posts"}],"about":[{"href":"https:\/\/www.europesays.com\/se\/wp-json\/wp\/v2\/types\/post"}],"author":[{"embeddable":true,"href":"https:\/\/www.europesays.com\/se\/wp-json\/wp\/v2\/users\/2"}],"replies":[{"embeddable":true,"href":"https:\/\/www.europesays.com\/se\/wp-json\/wp\/v2\/comments?post=103833"}],"version-history":[{"count":0,"href":"https:\/\/www.europesays.com\/se\/wp-json\/wp\/v2\/posts\/103833\/revisions"}],"wp:featuredmedia":[{"embeddable":true,"href":"https:\/\/www.europesays.com\/se\/wp-json\/wp\/v2\/media\/103834"}],"wp:attachment":[{"href":"https:\/\/www.europesays.com\/se\/wp-json\/wp\/v2\/media?parent=103833"}],"wp:term":[{"taxonomy":"category","embeddable":true,"href":"https:\/\/www.europesays.com\/se\/wp-json\/wp\/v2\/categories?post=103833"},{"taxonomy":"post_tag","embeddable":true,"href":"https:\/\/www.europesays.com\/se\/wp-json\/wp\/v2\/tags?post=103833"}],"curies":[{"name":"wp","href":"https:\/\/api.w.org\/{rel}","templated":true}]}}