{"id":103837,"date":"2025-12-12T14:58:08","date_gmt":"2025-12-12T14:58:08","guid":{"rendered":"https:\/\/www.europesays.com\/se\/103837\/"},"modified":"2025-12-12T14:58:08","modified_gmt":"2025-12-12T14:58:08","slug":"forsvarets-julgransflygning-stalls-in-svt-nyheter","status":"publish","type":"post","link":"https:\/\/www.europesays.com\/se\/103837\/","title":{"rendered":"F\u00f6rsvarets julgransflygning st\u00e4lls in &#8211; SVT Nyheter"},"content":{"rendered":"<ol>\n<li><a href=\"https:\/\/news.google.com\/rss\/articles\/CBMikAFBVV95cUxPeUxQcEtkaFZ0alhXOXVvRFNHTzFVZW9IYnlXbkxTb0hMNWlaX1U0N0IzTVY3RDk4Z2QwbUlvOHRrdGcydk1oWGpDUVYtVFZwLVZaNkdLa0VzZDdRYlJXcW51WjNoamk4Sm85NmQwX25fR0NBQW44aFdqaFBJSzJnbS15UVl3SmlnTHQxcTIyc3Q?oc=5\" target=\"_blank\" rel=\"nofollow noopener\">F\u00f6rsvarets julgransflygning st\u00e4lls in<\/a>&nbsp;&nbsp;SVT Nyheter<\/li>\n<li><a href=\"https:\/\/news.google.com\/rss\/articles\/CBMiigFBVV95cUxNSGZqdmoxVXF1d3ltYmNfc3NlMV84LXB5NVZFVVp4R2c4NVROSzNBMDdIUXR6R0tWcHdLdldEV1lXSW5nV0JzRGViSklOdHlxWVJFWElLZ3pPb2VzRU5JbC1ZY2VGR0pfcy03RlNrbWk1QnBDUGJPdDUzOG9lOVFDdEtUSG54OUd6ekE?oc=5\" target=\"_blank\" rel=\"nofollow noopener\">\u201dMilit\u00e4r verksamhet\u201d st\u00e4ller in julgransflygning<\/a>&nbsp;&nbsp;Aftonbladet<\/li>\n<li><a href=\"https:\/\/news.google.com\/rss\/articles\/CBMijwFBVV95cUxNdDEwOVN3dFdJNURGMUtqai1tel9VZm1aMndrQmZvQkE0TlFrMEpUSVpiS2lVMkJBNmtES2ZheC1zY3FDZzkwaDFGTVd2TElYV3B4M2FHYmpSN3ZkR1dmZ3AxS3dSanh5N1pKUTdsUVVnVlAxWlRKNzFDeU1tdUdaTnVSMFh2TmlDdWE3RndYOA?oc=5\" target=\"_blank\" rel=\"nofollow noopener\">V\u00e4dret st\u00e4llde till det f\u00f6r flygvapnets julgran<\/a>&nbsp;&nbsp;SVT Nyheter<\/li>\n<li><a href=\"https:\/\/news.google.com\/rss\/articles\/CBMif0FVX3lxTFBMWFNDbktaS0hmX044MEp5Y1IwYW94ZnloUVp5QjdMcEF2SXFudGVUX1ZpcHdic0t5V2VNMzVxczFKZDRxMnpkUzZmYk5XWk1IcV9ieDNMVUxROVdPeVd5MFlmUnl1RnJCMUtnbzBfc1BxdmM3cVVhdzZnbzRnMk0?oc=5\" target=\"_blank\" rel=\"nofollow noopener\">D\u00e5 kan julgransflygningen passera dig<\/a>&nbsp;&nbsp;Sveriges Radio<\/li>\n<li><a href=\"https:\/\/news.google.com\/rss\/articles\/CBMihgFBVV95cUxOekNLZ1J4Rmx1QlRiZVNRNVYyWnVnNWUzWDdNN0tJRHRmYzJfUi1pTzJaY2JPT3Z6b2FXVUdPTzRmbFN1STM1c05RMHJJS3dxSFdSZ0Jsa0w3eWU5aE01Nk5kTWV3LUF6TDZXSkFqZjNTU1E5eUpCZHgwblppNHRLcVpsckVadw?oc=5\" target=\"_blank\" rel=\"nofollow noopener\">F\u00f6rsvaret st\u00e4ller in julgransflygningen: \u201dPrioriterad milit\u00e4r verksamhet\u201d<\/a>&nbsp;&nbsp;Expressen<\/li>\n<\/ol>\n","protected":false},"excerpt":{"rendered":"F\u00f6rsvarets julgransflygning st\u00e4lls in&nbsp;&nbsp;SVT Nyheter \u201dMilit\u00e4r verksamhet\u201d st\u00e4ller in julgransflygning&nbsp;&nbsp;Aftonbladet V\u00e4dret st\u00e4llde till det f\u00f6r flygvapnets julgran&nbsp;&nbsp;SVT Nyheter&hellip;\n","protected":false},"author":2,"featured_media":793,"comment_status":"","ping_status":"","sticky":false,"template":"","format":"standard","meta":{"footnotes":""},"categories":[12],"tags":[22,23,26,27,17,21,24,25,28,29,15,16,18,34,31,33,32,30,19,20],"class_list":{"0":"post-103837","1":"post","2":"type-post","3":"status-publish","4":"format-standard","5":"has-post-thumbnail","7":"category-sverige","8":"tag-breaking-news","9":"tag-breakingnews","10":"tag-featured-news","11":"tag-featurednews","12":"tag-headlines","13":"tag-huvudnyheter","14":"tag-latest-news","15":"tag-latestnews","16":"tag-main-news","17":"tag-mainnews","18":"tag-news","19":"tag-nyheter","20":"tag-rubriker","21":"tag-se","22":"tag-svenska","23":"tag-sverige","24":"tag-sweden","25":"tag-swedish","26":"tag-top-stories","27":"tag-topstories"},"share_on_mastodon":{"url":"https:\/\/pubeurope.com\/@se\/115707190038576729","error":""},"_links":{"self":[{"href":"https:\/\/www.europesays.com\/se\/wp-json\/wp\/v2\/posts\/103837","targetHints":{"allow":["GET"]}}],"collection":[{"href":"https:\/\/www.europesays.com\/se\/wp-json\/wp\/v2\/posts"}],"about":[{"href":"https:\/\/www.europesays.com\/se\/wp-json\/wp\/v2\/types\/post"}],"author":[{"embeddable":true,"href":"https:\/\/www.europesays.com\/se\/wp-json\/wp\/v2\/users\/2"}],"replies":[{"embeddable":true,"href":"https:\/\/www.europesays.com\/se\/wp-json\/wp\/v2\/comments?post=103837"}],"version-history":[{"count":0,"href":"https:\/\/www.europesays.com\/se\/wp-json\/wp\/v2\/posts\/103837\/revisions"}],"wp:featuredmedia":[{"embeddable":true,"href":"https:\/\/www.europesays.com\/se\/wp-json\/wp\/v2\/media\/793"}],"wp:attachment":[{"href":"https:\/\/www.europesays.com\/se\/wp-json\/wp\/v2\/media?parent=103837"}],"wp:term":[{"taxonomy":"category","embeddable":true,"href":"https:\/\/www.europesays.com\/se\/wp-json\/wp\/v2\/categories?post=103837"},{"taxonomy":"post_tag","embeddable":true,"href":"https:\/\/www.europesays.com\/se\/wp-json\/wp\/v2\/tags?post=103837"}],"curies":[{"name":"wp","href":"https:\/\/api.w.org\/{rel}","templated":true}]}}