{"id":103838,"date":"2025-12-12T14:59:12","date_gmt":"2025-12-12T14:59:12","guid":{"rendered":"https:\/\/www.europesays.com\/se\/103838\/"},"modified":"2025-12-12T14:59:12","modified_gmt":"2025-12-12T14:59:12","slug":"krogar-med-enbart-uteservering-far-ratt-att-servera","status":"publish","type":"post","link":"https:\/\/www.europesays.com\/se\/103838\/","title":{"rendered":"Krogar med enbart uteservering f\u00e5r r\u00e4tt att servera"},"content":{"rendered":"<p class=\"text\">Det var n\u00e4r restaurang Liebling p\u00e5 S\u00f6dermalm skulle s\u00f6ka tillst\u00e5nd f\u00f6r sin biergarten f\u00f6rra sommaren som de st\u00f6tte p\u00e5 patrull. En dom i kammarr\u00e4tten i G\u00f6teborg hade slagit fast att serveringstillst\u00e5nd inte kunde ges till st\u00e4llen med enbart sittplatser utomhus.<\/p>\n<p class=\"text\">Domen blev v\u00e4gledande och p\u00e5verkade krogar och uteserveringar i hela landet.<\/p>\n<p class=\"text\">Trots att Liebling byggde ett b\u00e5s med plats f\u00f6r g\u00e4ster i anslutning till sittplatserna sa staden nej och h\u00e4nvisade till att det inte var en inomhuslokal.<\/p>\n<p class=\"text\">\u00c4rendet togs till domstol, och nu har kammarr\u00e4tten i Stockholm sagt sitt. Liebling f\u00e5r <a target=\"_blank\" rel=\"noopener nofollow\" href=\"https:\/\/www.mitti.se\/nyheter\/liebling-vann-mot-staden--uteserveringen-far-gront-ljus-6.3.334543.9f306a954c\">r\u00e4tt till sin uteservering<\/a>. Ett beslut inte bara kr\u00f6garna, utan \u00e4ven Alexander Ojanne (S), social- och trygghetsborgarr\u00e5d i Stockholm, v\u00e4lkomnar.<\/p>\n<p class=\"text\">\u2013 Vi \u00e4r j\u00e4tten\u00f6jda. Det var det vi ville \u00e5stadkomma hela tiden. Det k\u00e4nns sk\u00f6nt att vi fick beskedet i god tid, nu n\u00e4r alla snart ska ans\u00f6ka om serveringstillst\u00e5nd, s\u00e4ger han.<\/p>\n<p><img decoding=\"async\" class=\"Image Image_\" src=\"\" data-aghref=\"http:\/\/www.mitti.se\/image-3.334802.268372.20251212100914.1.f371b274e3\" data-agimagetype=\"hardcrop\" alt=\"Social- och trygghetsborgarr\u00e5det Alexander Ojanne (S).\"\/><\/p>\n<p class=\"Caption\">Social- och trygghetsborgarr\u00e5det Alexander Ojanne (S).<\/p>\n<p class=\"Source\">Angie Gray<\/p>\n<p>M: &#8221;Skyldiga en urs\u00e4kt&#8221;<\/p>\n<p class=\"text\">F\u00f6r kr\u00f6gare inneb\u00e4r den nya bed\u00f6mningen helt enkelt att alkohollagen inte hindrar en krog med enbart platser f\u00f6r servering utomhus att f\u00e5 serveringstillst\u00e5nd \u2013 f\u00f6rutsatt att man uppfyller alla andra lagkrav.<\/p>\n<p class=\"text\">Alexander Ojanne \u00e4r tydlig med att den nya tolkningen inte \u00e4r n\u00e5got staden vill \u00f6verklaga.<\/p>\n<p class=\"text\">\u2013 Nu har vi en ny praxis att f\u00f6lja och har ingen anledning att pr\u00f6va det i en h\u00f6gre instans. Det g\u00f6r att vi kan luta oss mot den h\u00e4r domen n\u00e4r vi tar beslut fram\u00e5t, s\u00e4ger han.<\/p>\n<p class=\"text\">Dennis Wedin (M), oppositionsborgarr\u00e5d, <a target=\"_blank\" rel=\"noopener nofollow\" href=\"https:\/\/www.mitti.se\/nyheter\/domstol-satter-ner-foten--inget-tillstand-for-olbas-6.3.304319.961a283985\">reagerade starkt<\/a> p\u00e5 nyheten n\u00e4r Liebling fick sitt tillst\u00e5nd tillbakadraget. Han anser att det r\u00f6dgr\u00f6na styret \u00e4r skyldiga Liebling en offentlig urs\u00e4kt.<\/p>\n<p class=\"text\">\u2013 De l\u00e4t tj\u00e4nstem\u00e4nnen smyga i genom detta beslut, mot v\u00e5ra protester. Det p\u00e5verkade Liebling h\u00e5rt som inte kan f\u00e5 tillbaka sommaren, och jag har pratat med andra kr\u00f6gare som avstod fr\u00e5n att ans\u00f6ka. Det \u00e4r faktiskt oacceptabelt.<\/p>\n<p><img decoding=\"async\" class=\"Image Image_\" src=\"\" data-aghref=\"http:\/\/www.mitti.se\/image-3.344322.268372.20251212100914.1.fab14552b9\" data-agimagetype=\"hardcrop\" alt=\"Dennis Wedin (M), oppositionsborgarr\u00e5d.\"\/><\/p>\n<p class=\"Caption\">Dennis Wedin (M), oppositionsborgarr\u00e5d.<\/p>\n<p class=\"Source\">Moderaterna<\/p>\n<p>S: &#8221;Inte verkligheten&#8221;<\/p>\n<p class=\"text\">Alexander Ojanne menar att varken politiker eller tj\u00e4nstem\u00e4n kan g\u00f6ra andra bed\u00f6mningar \u00e4n vad en domstol g\u00f6r \u2013 och att oppositionen hade hamnat i samma l\u00e4ge om det var dem som styrde.<\/p>\n<p class=\"text\">Han lyfter att det aldrig tidigare funnits s\u00e5 m\u00e5nga krogar med alkoholtillst\u00e5nd och uteserveringar som det g\u00f6r nu i Stockholm. <\/p>\n<p class=\"text\">\u2013 Hela deras narrativ om att vi skulle f\u00f6rs\u00f6ka motarbeta krogn\u00e4ringen \u00e4r ett f\u00f6rs\u00f6k till billig populism \u2013 och inte verkligheten.<\/p>\n<p class=\"faktarubrik\">&#8221;Fel tolkning av lagen&#8221;<\/p>\n<p class=\"fakta\">Bed\u00f6mningen enligt den nya domen fr\u00e5n kammarr\u00e4tten i Stockholm \u00e4r att &#8221;alkohollagen inte hindrar att ett stadigvarande serveringstillst\u00e5nd beviljas f\u00f6r ett serveringsst\u00e4lle som enbart har platser f\u00f6r servering utomhus&#8221;, f\u00f6rutsatt att man i \u00f6vrigt uppfyller alla andra lagkrav.<\/p>\n<p class=\"fakta\">R\u00e4tten g\u00e5r emot stadens bed\u00f6mning att man p\u00e5 Liebling im Park inte hade kunnat ha en \u00f6verblick \u00f6ver hela serveringen, vilket \u00e4r ett krav f\u00f6r att f\u00e5 tillst\u00e5nd \u2013 helt enkelt hade staden inte sk\u00e4l f\u00f6r att avsl\u00e5 Lieblings ans\u00f6kan om serveringstillst\u00e5nd.<\/p>\n<p class=\"fakta\">Beslutet kan \u00f6verklagas till H\u00f6gsta f\u00f6rvaltningsdomstolen, n\u00e5got staden inte \u00e4r intresserad av enligt Alexander Ojanne.<\/p>\n<p class=\"faktakalla\">K\u00e4lla: Kammarr\u00e4ttens dom, Mitt i<\/p>\n","protected":false},"excerpt":{"rendered":"Det var n\u00e4r restaurang Liebling p\u00e5 S\u00f6dermalm skulle s\u00f6ka tillst\u00e5nd f\u00f6r sin biergarten f\u00f6rra sommaren som de st\u00f6tte&hellip;\n","protected":false},"author":2,"featured_media":103839,"comment_status":"","ping_status":"","sticky":false,"template":"","format":"standard","meta":{"footnotes":""},"categories":[5],"tags":[22,23,26,27,17,21,24,25,28,29,15,16,18,34,31,33,32,30,19,20],"class_list":{"0":"post-103838","1":"post","2":"type-post","3":"status-publish","4":"format-standard","5":"has-post-thumbnail","7":"category-rubriker","8":"tag-breaking-news","9":"tag-breakingnews","10":"tag-featured-news","11":"tag-featurednews","12":"tag-headlines","13":"tag-huvudnyheter","14":"tag-latest-news","15":"tag-latestnews","16":"tag-main-news","17":"tag-mainnews","18":"tag-news","19":"tag-nyheter","20":"tag-rubriker","21":"tag-se","22":"tag-svenska","23":"tag-sverige","24":"tag-sweden","25":"tag-swedish","26":"tag-top-stories","27":"tag-topstories"},"share_on_mastodon":{"url":"https:\/\/pubeurope.com\/@se\/115707193951046144","error":""},"_links":{"self":[{"href":"https:\/\/www.europesays.com\/se\/wp-json\/wp\/v2\/posts\/103838","targetHints":{"allow":["GET"]}}],"collection":[{"href":"https:\/\/www.europesays.com\/se\/wp-json\/wp\/v2\/posts"}],"about":[{"href":"https:\/\/www.europesays.com\/se\/wp-json\/wp\/v2\/types\/post"}],"author":[{"embeddable":true,"href":"https:\/\/www.europesays.com\/se\/wp-json\/wp\/v2\/users\/2"}],"replies":[{"embeddable":true,"href":"https:\/\/www.europesays.com\/se\/wp-json\/wp\/v2\/comments?post=103838"}],"version-history":[{"count":0,"href":"https:\/\/www.europesays.com\/se\/wp-json\/wp\/v2\/posts\/103838\/revisions"}],"wp:featuredmedia":[{"embeddable":true,"href":"https:\/\/www.europesays.com\/se\/wp-json\/wp\/v2\/media\/103839"}],"wp:attachment":[{"href":"https:\/\/www.europesays.com\/se\/wp-json\/wp\/v2\/media?parent=103838"}],"wp:term":[{"taxonomy":"category","embeddable":true,"href":"https:\/\/www.europesays.com\/se\/wp-json\/wp\/v2\/categories?post=103838"},{"taxonomy":"post_tag","embeddable":true,"href":"https:\/\/www.europesays.com\/se\/wp-json\/wp\/v2\/tags?post=103838"}],"curies":[{"name":"wp","href":"https:\/\/api.w.org\/{rel}","templated":true}]}}