{"id":103844,"date":"2025-12-12T15:06:15","date_gmt":"2025-12-12T15:06:15","guid":{"rendered":"https:\/\/www.europesays.com\/se\/103844\/"},"modified":"2025-12-12T15:06:15","modified_gmt":"2025-12-12T15:06:15","slug":"jullov-i-sodertalje-sodertalje-kommun","status":"publish","type":"post","link":"https:\/\/www.europesays.com\/se\/103844\/","title":{"rendered":"Jullov i S\u00f6dert\u00e4lje &#8211; S\u00f6dert\u00e4lje kommun"},"content":{"rendered":"<p>Julen \u00e4r h\u00e4r och lovet n\u00e4rmar sig. F\u00f6r dig som bor i S\u00f6dert\u00e4lje kommun finns aktiviteter som lockar till b\u00e5de r\u00f6relse, skapande och gemenskap. Under lovet bjuder f\u00f6reningar, kulturverksamheter och m\u00f6tesplatser in barn och unga till en m\u00e4ngd kostnadsfria aktiviteter runt om i kommunen.<\/p>\n<p>Filmklubb, julpyssel i historiska milj\u00f6er p\u00e5 Torek\u00e4llberget, disco, idrott och prova-p\u00e5-aktiviteter \u2013 jullovet i S\u00f6dert\u00e4lje erbjuder n\u00e5got f\u00f6r m\u00e5nga olika intressen och \u00e5ldrar. Ta med familj och v\u00e4nner, n\u00e4ra och k\u00e4ra f\u00f6r att testa nya fritidsaktiviteter, uppt\u00e4cka kultur och umg\u00e5s i st\u00e4mningsfulla milj\u00f6er!<\/p>\n<p>Alla aktiviteter \u00e4r gratis men kom ih\u00e5g att vissa kr\u00e4ver f\u00f6ranm\u00e4lan. Fler aktiviteter kommer och publiceras allt eftersom.<\/p>\n<p>Vill du veta mer?<\/p>\n<p>P\u00e5 v\u00e5r samlingssida hittar du aktuell information om tider, platser och hur du anm\u00e4ler dig.<\/p>\n<p><a href=\"https:\/\/www.sodertalje.se\/kultur-och-fritid\/jullov\/\" target=\"_blank\" rel=\"noopener nofollow\">Till webbplatsen f\u00f6r mer info om jullovsaktiviteter i S\u00f6dert\u00e4lje<\/a><\/p>\n","protected":false},"excerpt":{"rendered":"Julen \u00e4r h\u00e4r och lovet n\u00e4rmar sig. F\u00f6r dig som bor i S\u00f6dert\u00e4lje kommun finns aktiviteter som lockar&hellip;\n","protected":false},"author":2,"featured_media":103845,"comment_status":"","ping_status":"","sticky":false,"template":"","format":"standard","meta":{"footnotes":""},"categories":[12],"tags":[22,23,26,27,17,21,24,25,28,29,15,16,18,34,31,33,32,30,19,20],"class_list":{"0":"post-103844","1":"post","2":"type-post","3":"status-publish","4":"format-standard","5":"has-post-thumbnail","7":"category-sverige","8":"tag-breaking-news","9":"tag-breakingnews","10":"tag-featured-news","11":"tag-featurednews","12":"tag-headlines","13":"tag-huvudnyheter","14":"tag-latest-news","15":"tag-latestnews","16":"tag-main-news","17":"tag-mainnews","18":"tag-news","19":"tag-nyheter","20":"tag-rubriker","21":"tag-se","22":"tag-svenska","23":"tag-sverige","24":"tag-sweden","25":"tag-swedish","26":"tag-top-stories","27":"tag-topstories"},"share_on_mastodon":{"url":"https:\/\/pubeurope.com\/@se\/115707221428188170","error":""},"_links":{"self":[{"href":"https:\/\/www.europesays.com\/se\/wp-json\/wp\/v2\/posts\/103844","targetHints":{"allow":["GET"]}}],"collection":[{"href":"https:\/\/www.europesays.com\/se\/wp-json\/wp\/v2\/posts"}],"about":[{"href":"https:\/\/www.europesays.com\/se\/wp-json\/wp\/v2\/types\/post"}],"author":[{"embeddable":true,"href":"https:\/\/www.europesays.com\/se\/wp-json\/wp\/v2\/users\/2"}],"replies":[{"embeddable":true,"href":"https:\/\/www.europesays.com\/se\/wp-json\/wp\/v2\/comments?post=103844"}],"version-history":[{"count":0,"href":"https:\/\/www.europesays.com\/se\/wp-json\/wp\/v2\/posts\/103844\/revisions"}],"wp:featuredmedia":[{"embeddable":true,"href":"https:\/\/www.europesays.com\/se\/wp-json\/wp\/v2\/media\/103845"}],"wp:attachment":[{"href":"https:\/\/www.europesays.com\/se\/wp-json\/wp\/v2\/media?parent=103844"}],"wp:term":[{"taxonomy":"category","embeddable":true,"href":"https:\/\/www.europesays.com\/se\/wp-json\/wp\/v2\/categories?post=103844"},{"taxonomy":"post_tag","embeddable":true,"href":"https:\/\/www.europesays.com\/se\/wp-json\/wp\/v2\/tags?post=103844"}],"curies":[{"name":"wp","href":"https:\/\/api.w.org\/{rel}","templated":true}]}}