{"id":103846,"date":"2025-12-12T15:07:16","date_gmt":"2025-12-12T15:07:16","guid":{"rendered":"https:\/\/www.europesays.com\/se\/103846\/"},"modified":"2025-12-12T15:07:16","modified_gmt":"2025-12-12T15:07:16","slug":"vardkoerna-har-minskat-ett-mojligt-trendbrott","status":"publish","type":"post","link":"https:\/\/www.europesays.com\/se\/103846\/","title":{"rendered":"V\u00e5rdk\u00f6erna har minskat: \u201dEtt m\u00f6jligt trendbrott\u201d"},"content":{"rendered":"<p>V\u00e5rdk\u00f6erna har blivit kortare, visar nya siffror fr\u00e5n Sveriges Kommuner och Regioner enligt SVT Nyheter.<\/p>\n<p>Sedan regeringen tilltr\u00e4dde 2022 har den genomsnittliga v\u00e4ntetiden f\u00f6r operationer minskat med 14 procent.<\/p>\n<p>\u2013 P\u00e5 sistone har vi sett ett m\u00f6jligt trendbrott, s\u00e4ger sjukv\u00e5rdsminister Elisabet Lann (KD).<\/p>\n<p>Snittv\u00e4ntetiden p\u00e5 130 dagar lever dock fortfarande inte upp till den lagstadgade v\u00e5rdgarantin p\u00e5 90 dagar.<\/p>\n<p>Regeringen har satsat 18 miljarder p\u00e5 att korta v\u00e5rdk\u00f6erna, vilket var ett av deras \u2013 och i synnerhet KD:s \u2013 viktigaste vall\u00f6ften.<\/p>\n<p>Omni \u00e4r politiskt obundna och oberoende. Vi str\u00e4var efter att ge fler perspektiv p\u00e5 nyheterna. Har du fr\u00e5gor eller synpunkter kring v\u00e5r rapportering? <a href=\"https:\/\/omni.se\/vardkoerna-har-minskat-ett-mojligt-trendbrott\/a\/mailto:redaktion@omni.se\" class=\"ArticleActions_contactLink__W2F1M\" rel=\"nofollow noopener\" target=\"_blank\">Kontakta redaktionen<\/a><\/p>\n","protected":false},"excerpt":{"rendered":"V\u00e5rdk\u00f6erna har blivit kortare, visar nya siffror fr\u00e5n Sveriges Kommuner och Regioner enligt SVT Nyheter. Sedan regeringen tilltr\u00e4dde&hellip;\n","protected":false},"author":2,"featured_media":103847,"comment_status":"","ping_status":"","sticky":false,"template":"","format":"standard","meta":{"footnotes":""},"categories":[5],"tags":[22,23,3138,26,27,17,21,1107,24,25,28,29,15,16,369,18,34,31,33,32,30,19,20,3139],"class_list":{"0":"post-103846","1":"post","2":"type-post","3":"status-publish","4":"format-standard","5":"has-post-thumbnail","7":"category-rubriker","8":"tag-breaking-news","9":"tag-breakingnews","10":"tag-elisabet-lann","11":"tag-featured-news","12":"tag-featurednews","13":"tag-headlines","14":"tag-huvudnyheter","15":"tag-kristdemokraterna","16":"tag-latest-news","17":"tag-latestnews","18":"tag-main-news","19":"tag-mainnews","20":"tag-news","21":"tag-nyheter","22":"tag-politik","23":"tag-rubriker","24":"tag-se","25":"tag-svenska","26":"tag-sverige","27":"tag-sweden","28":"tag-swedish","29":"tag-top-stories","30":"tag-topstories","31":"tag-vardpolitik"},"share_on_mastodon":{"url":"https:\/\/pubeurope.com\/@se\/115707225298842682","error":""},"_links":{"self":[{"href":"https:\/\/www.europesays.com\/se\/wp-json\/wp\/v2\/posts\/103846","targetHints":{"allow":["GET"]}}],"collection":[{"href":"https:\/\/www.europesays.com\/se\/wp-json\/wp\/v2\/posts"}],"about":[{"href":"https:\/\/www.europesays.com\/se\/wp-json\/wp\/v2\/types\/post"}],"author":[{"embeddable":true,"href":"https:\/\/www.europesays.com\/se\/wp-json\/wp\/v2\/users\/2"}],"replies":[{"embeddable":true,"href":"https:\/\/www.europesays.com\/se\/wp-json\/wp\/v2\/comments?post=103846"}],"version-history":[{"count":0,"href":"https:\/\/www.europesays.com\/se\/wp-json\/wp\/v2\/posts\/103846\/revisions"}],"wp:featuredmedia":[{"embeddable":true,"href":"https:\/\/www.europesays.com\/se\/wp-json\/wp\/v2\/media\/103847"}],"wp:attachment":[{"href":"https:\/\/www.europesays.com\/se\/wp-json\/wp\/v2\/media?parent=103846"}],"wp:term":[{"taxonomy":"category","embeddable":true,"href":"https:\/\/www.europesays.com\/se\/wp-json\/wp\/v2\/categories?post=103846"},{"taxonomy":"post_tag","embeddable":true,"href":"https:\/\/www.europesays.com\/se\/wp-json\/wp\/v2\/tags?post=103846"}],"curies":[{"name":"wp","href":"https:\/\/api.w.org\/{rel}","templated":true}]}}