{"id":103848,"date":"2025-12-12T15:08:08","date_gmt":"2025-12-12T15:08:08","guid":{"rendered":"https:\/\/www.europesays.com\/se\/103848\/"},"modified":"2025-12-12T15:08:08","modified_gmt":"2025-12-12T15:08:08","slug":"julens-krydda-kan-stabilisera-blodsockret-och-skydda-hjarnan","status":"publish","type":"post","link":"https:\/\/www.europesays.com\/se\/103848\/","title":{"rendered":"Julens krydda kan stabilisera blodsockret och skydda hj\u00e4rnan"},"content":{"rendered":"<p>Skyddande effekt p\u00e5 hj\u00e4rnans celler<\/p>\n<p>Ut\u00f6ver p\u00e5verkan p\u00e5 hj\u00e4rta och blodsocker pekar nyare laboratoriestudier p\u00e5 att ingef\u00e4ra inneh\u00e5ller bioaktiva \u00e4mnen som gingerol och shogaol. <\/p>\n<p>Dessa har starka antioxidativa och antiinflammatoriska egenskaper som kan skydda hj\u00e4rnceller mot oxidativ stress. <\/p>\n<p>Oxidativ stress anses vara en viktig mekanism bakom neurodegenerativa sjukdomar som Alzheimers.<\/p>\n<p>Forskningen befinner sig \u00e4nnu i ett tidigt skede, men resultaten har v\u00e4ckt intresse inom b\u00e5de n\u00e4ringsfysiologi och neurologi. <\/p>\n<p>Studierna antyder att ingef\u00e4ra kan minska inflammatoriska processer som annars bidrar till skador p\u00e5 nervceller \u00f6ver tid.<\/p>\n<p>En enkel vana med l\u00e5g risk<\/p>\n<p>Ingef\u00e4ra anses generellt vara s\u00e4ker att konsumera i mat och dryck. <\/p>\n<p>F\u00f6r de flesta r\u00e4cker det att anv\u00e4nda f\u00e4rsk ingef\u00e4ra i matlagning eller som te f\u00f6r att f\u00e5 del av de potentiella h\u00e4lsof\u00f6rdelarna. <\/p>\n<p>H\u00f6gre doser i form av kosttillskott b\u00f6r dock anv\u00e4ndas med viss f\u00f6rsiktighet, s\u00e4rskilt f\u00f6r personer som anv\u00e4nder blodf\u00f6rtunnande l\u00e4kemedel eller mediciner mot diabetes.<\/p>\n<p>Sammantaget visar forskningen att denna klassiska julkrydda \u00e4r mer \u00e4n bara en smaks\u00e4ttare. <\/p>\n<p>Ingef\u00e4ra framst\u00e5r allt tydligare som ett funktionellt livsmedel med potential att st\u00e4rka b\u00e5de \u00e4mnesoms\u00e4ttning och hj\u00e4rnh\u00e4lsa i en allt mer stillasittande vardag.<\/p>\n<p><strong>Missa inte:<\/strong><\/p>\n<p><a href=\"https:\/\/www.e55.se\/ekonomi\/hojda-lonekrav-hotar-bemanningen-i-aldreomsorgen\/\" rel=\"nofollow noopener\" target=\"_blank\">H\u00f6jda l\u00f6nekrav hotar bemanningen i \u00e4ldreomsorgen \u2013 E55<\/a><\/p>\n<p><a href=\"https:\/\/www.e55.se\/halsa\/allvarliga-biverkningar-av-wegovy-och-ozempic-skapar-vaxande-oro-bland-patienter\/\" rel=\"nofollow noopener\" target=\"_blank\">Allvarliga biverkningar av Wegovy och Ozempic skapar v\u00e4xande oro bland patienter \u2013 E55<\/a><\/p>\n<p>L\u00e4s mer fr\u00e5n E55 &#8211; v\u00e5rt nyhetsbrev \u00e4r kostnadsfritt:Prenumerera<\/p>\n","protected":false},"excerpt":{"rendered":"Skyddande effekt p\u00e5 hj\u00e4rnans celler Ut\u00f6ver p\u00e5verkan p\u00e5 hj\u00e4rta och blodsocker pekar nyare laboratoriestudier p\u00e5 att ingef\u00e4ra inneh\u00e5ller&hellip;\n","protected":false},"author":2,"featured_media":103849,"comment_status":"","ping_status":"","sticky":false,"template":"","format":"standard","meta":{"footnotes":""},"categories":[69],"tags":[113,112,4426,34,31,33,32,30],"class_list":{"0":"post-103848","1":"post","2":"type-post","3":"status-publish","4":"format-standard","5":"has-post-thumbnail","7":"category-halsa","8":"tag-halsa","9":"tag-health","10":"tag-jul","11":"tag-se","12":"tag-svenska","13":"tag-sverige","14":"tag-sweden","15":"tag-swedish"},"share_on_mastodon":{"url":"https:\/\/pubeurope.com\/@se\/115707229339411368","error":""},"_links":{"self":[{"href":"https:\/\/www.europesays.com\/se\/wp-json\/wp\/v2\/posts\/103848","targetHints":{"allow":["GET"]}}],"collection":[{"href":"https:\/\/www.europesays.com\/se\/wp-json\/wp\/v2\/posts"}],"about":[{"href":"https:\/\/www.europesays.com\/se\/wp-json\/wp\/v2\/types\/post"}],"author":[{"embeddable":true,"href":"https:\/\/www.europesays.com\/se\/wp-json\/wp\/v2\/users\/2"}],"replies":[{"embeddable":true,"href":"https:\/\/www.europesays.com\/se\/wp-json\/wp\/v2\/comments?post=103848"}],"version-history":[{"count":0,"href":"https:\/\/www.europesays.com\/se\/wp-json\/wp\/v2\/posts\/103848\/revisions"}],"wp:featuredmedia":[{"embeddable":true,"href":"https:\/\/www.europesays.com\/se\/wp-json\/wp\/v2\/media\/103849"}],"wp:attachment":[{"href":"https:\/\/www.europesays.com\/se\/wp-json\/wp\/v2\/media?parent=103848"}],"wp:term":[{"taxonomy":"category","embeddable":true,"href":"https:\/\/www.europesays.com\/se\/wp-json\/wp\/v2\/categories?post=103848"},{"taxonomy":"post_tag","embeddable":true,"href":"https:\/\/www.europesays.com\/se\/wp-json\/wp\/v2\/tags?post=103848"}],"curies":[{"name":"wp","href":"https:\/\/api.w.org\/{rel}","templated":true}]}}