{"id":103850,"date":"2025-12-12T15:09:12","date_gmt":"2025-12-12T15:09:12","guid":{"rendered":"https:\/\/www.europesays.com\/se\/103850\/"},"modified":"2025-12-12T15:09:12","modified_gmt":"2025-12-12T15:09:12","slug":"alvar-myhlback-missar-premiaren-langdskidor","status":"publish","type":"post","link":"https:\/\/www.europesays.com\/se\/103850\/","title":{"rendered":"Alvar Myhlback missar premi\u00e4ren | L\u00e4ngdskidor"},"content":{"rendered":"<p>Publicerad 12 dec 2025 kl 11.00Uppdaterad kl 12.34<\/p>\n<p>Alvar Myhlback missar l\u00e5ngloppscupens premi\u00e4rhelg.\u00a0<\/p>\n<p>En f\u00f6rkylning s\u00e4tter stopp, uppger <a href=\"https:\/\/www.svt.se\/sport\/langdskidor\/alvar-myhlback-missar-ski-classic-premiaren-ar-sjuk\" rel=\"nofollow noopener\" target=\"_blank\">SVT<\/a>.<\/p>\n<p><img   alt=\"\"\/> <\/p>\n<p>Foto: MAXIM THORE \/ BILDBYR\u00c5N<\/p>\n<p>\u00d6ppna bild i helsk\u00e4rm<\/p>\n<p>Myhlback ber\u00e4ttade h\u00e4romdagen att han fick med sig en f\u00f6rkylning fr\u00e5n f\u00f6rra veckans v\u00e4rldscupt\u00e4vlingar i Trondheim (i traditionell skid\u00e5kning).\u00a0<\/p>\n<p>Nu st\u00e5r det klart att sjukdomen stoppar honom fr\u00e5n s\u00e4songspremi\u00e4ren av l\u00e5ngloppscupen, Ski Classics, i \u00f6sterrikiska Bad Gastein.<\/p>\n<p>\u2013 \u00c4r man sjuk ska man inte t\u00e4vla. Alvar ville v\u00e4ldigt g\u00e4rna \u00e5ka men han \u00e4r inte frisk s\u00e5 det \u00e4r ingen id\u00e9 att chansa, s\u00e4ger Anton J\u00e4rnberg, teamchef f\u00f6r Myhlbacks lag Lager 157, till SVT.<\/p>\n<p>Vann Vasaloppet<\/p>\n<p>19-\u00e5rige <a href=\"https:\/\/www.expressen.se\/tagg\/person\/alvar-myhlback\/\" class=\"\" rel=\"nofollow noopener\" target=\"_blank\">Alvar Myhlback<\/a> slog igenom p\u00e5 allvar f\u00f6rra \u00e5ret, inte minst genom sin seger i Vasaloppet. Den h\u00e4r s\u00e4songen har han redan visat str\u00e5lande form p\u00e5 kortare distanser. Bland annat tog han en ov\u00e4ntad tredjeplats i v\u00e4rldscupsprinten i Trondheim f\u00f6rra veckan.<\/p>\n<p>Sjukdomen borde \u00e4nd\u00e5 inte h\u00e5lla honom borta fr\u00e5n skidsp\u00e5ren alltf\u00f6r l\u00e4nge, s\u00e4ger Anton J\u00e4rnberg.<\/p>\n<p>\u2013 Vi har trott att det skulle reda ut sig och det har inte varit s\u00e4rskilt allvarligt, men han \u00e4r fortfarande inte helt frisk.<\/p>\n<p>L\u00e5ngloppscupen tjuvstartar p\u00e5 l\u00f6rdag med ett lagtempo \u00f6ver 7 kilometer. S\u00e4songen drar sedan i g\u00e5ng p\u00e5 allvar dagen d\u00e4rp\u00e5 med 36 kilometer l\u00e5nga Bad Gastein Criterium.<\/p>\n","protected":false},"excerpt":{"rendered":"Publicerad 12 dec 2025 kl 11.00Uppdaterad kl 12.34 Alvar Myhlback missar l\u00e5ngloppscupens premi\u00e4rhelg.\u00a0 En f\u00f6rkylning s\u00e4tter stopp, uppger&hellip;\n","protected":false},"author":2,"featured_media":103851,"comment_status":"","ping_status":"","sticky":false,"template":"","format":"standard","meta":{"footnotes":""},"categories":[68],"tags":[8766,34,857,111,110,31,33,32,30],"class_list":{"0":"post-103850","1":"post","2":"type-post","3":"status-publish","4":"format-standard","5":"has-post-thumbnail","7":"category-sport","8":"tag-person-alvar-myhlback","9":"tag-se","10":"tag-sections-langdskidor","11":"tag-sport","12":"tag-sports","13":"tag-svenska","14":"tag-sverige","15":"tag-sweden","16":"tag-swedish"},"share_on_mastodon":{"url":"https:\/\/pubeurope.com\/@se\/115707233068429991","error":""},"_links":{"self":[{"href":"https:\/\/www.europesays.com\/se\/wp-json\/wp\/v2\/posts\/103850","targetHints":{"allow":["GET"]}}],"collection":[{"href":"https:\/\/www.europesays.com\/se\/wp-json\/wp\/v2\/posts"}],"about":[{"href":"https:\/\/www.europesays.com\/se\/wp-json\/wp\/v2\/types\/post"}],"author":[{"embeddable":true,"href":"https:\/\/www.europesays.com\/se\/wp-json\/wp\/v2\/users\/2"}],"replies":[{"embeddable":true,"href":"https:\/\/www.europesays.com\/se\/wp-json\/wp\/v2\/comments?post=103850"}],"version-history":[{"count":0,"href":"https:\/\/www.europesays.com\/se\/wp-json\/wp\/v2\/posts\/103850\/revisions"}],"wp:featuredmedia":[{"embeddable":true,"href":"https:\/\/www.europesays.com\/se\/wp-json\/wp\/v2\/media\/103851"}],"wp:attachment":[{"href":"https:\/\/www.europesays.com\/se\/wp-json\/wp\/v2\/media?parent=103850"}],"wp:term":[{"taxonomy":"category","embeddable":true,"href":"https:\/\/www.europesays.com\/se\/wp-json\/wp\/v2\/categories?post=103850"},{"taxonomy":"post_tag","embeddable":true,"href":"https:\/\/www.europesays.com\/se\/wp-json\/wp\/v2\/tags?post=103850"}],"curies":[{"name":"wp","href":"https:\/\/api.w.org\/{rel}","templated":true}]}}