{"id":103852,"date":"2025-12-12T15:14:11","date_gmt":"2025-12-12T15:14:11","guid":{"rendered":"https:\/\/www.europesays.com\/se\/103852\/"},"modified":"2025-12-12T15:14:11","modified_gmt":"2025-12-12T15:14:11","slug":"webbinarium-om-fritidskortet-15-december-detta-galler-infor-2026","status":"publish","type":"post","link":"https:\/\/www.europesays.com\/se\/103852\/","title":{"rendered":"Webbinarium om fritidskortet 15 december \u2013 detta g\u00e4ller inf\u00f6r 2026"},"content":{"rendered":"<p class=\"normal\">Webbinariet riktar sig till verksamheter som redan \u00e4r anslutna, men ocks\u00e5 till de som funderar p\u00e5 att ansluta sig fram\u00f6ver. Det finns m\u00f6jlighet att st\u00e4lla fr\u00e5gor under s\u00e4ndningen.<\/p>\n<p class=\"normal\">L\u00c4NK: <a href=\"https:\/\/fritidskortet.se\/evenemang?link_id=721a3540-68f6-427c-9044-6e60f44c4249\" rel=\"external nofollow noopener\" target=\"_blank\">Evenemang, informationstr\u00e4ffar och seminarium L\u00e4nk till annan webbplats, \u00f6ppnas i nytt f\u00f6nster.<\/a><\/p>\n<p>Viktig information inf\u00f6r uppeh\u00e5llet<\/p>\n<p class=\"normal\">Fritidskortets digitala tj\u00e4nst tar nu <strong>paus fr\u00e5n och med 1 december och \u00f6ppnar igen den 5 januari 2026<\/strong>. N\u00e4r tj\u00e4nsten \u00f6ppnar igen finns nya medel att anv\u00e4nda f\u00f6r aktiviteter inom idrott, kultur och friluftsliv.<\/p>\n<p class=\"normal\">F\u00f6reningar kan ans\u00f6ka om att ansluta sig till fritidskortet \u00e5ret runt, \u00e4ven under uppeh\u00e5llet.<\/p>\n<p>S\u00e5 har fritidskortet anv\u00e4nts under 2025<\/p>\n<p class=\"normal\">Sedan lanseringen i september 2025 har fritidskortet snabbt f\u00e5tt genomslag. P\u00e5 mindre \u00e4n tre m\u00e5nader har \u00f6ver 200 000 barn anv\u00e4nt fritidskortet och \u00f6ver 111 miljoner kronor har betalats ut till fritidsaktiviteter.<\/p>\n<ul class=\" env-text-list normal\">\n<li>341 624 barn har beviljats fritidskort<\/li>\n<li>40 462 barn har f\u00e5tt det h\u00f6gre beloppet p\u00e5 2 000 kronor<\/li>\n<li>207 392 barn har anv\u00e4nt fritidskortet<\/li>\n<li>214 201 betalningar har genomf\u00f6rts<\/li>\n<li>5 498 f\u00f6reningar och kulturskolor \u00e4r anslutna<\/li>\n<\/ul>\n<p>F\u00f6r\u00e4ndringar i utbetalningar \u2013 v\u00e4lj utbetalningskonto<\/p>\n<p class=\"normal\">Fr\u00e5n och med 9 december kan f\u00f6reningar och kommunala kulturskolor v\u00e4lja vilket bank- eller plusgironummer utbetalningarna ska g\u00e5 till. F\u00f6rs\u00e4kringskassan kontaktar redan anslutna akt\u00f6rer f\u00f6r komplettering. Om inga uppgifter l\u00e4mnas forts\u00e4tter betalningarna som tidigare.<\/p>\n","protected":false},"excerpt":{"rendered":"Webbinariet riktar sig till verksamheter som redan \u00e4r anslutna, men ocks\u00e5 till de som funderar p\u00e5 att ansluta&hellip;\n","protected":false},"author":2,"featured_media":103853,"comment_status":"","ping_status":"","sticky":false,"template":"","format":"standard","meta":{"footnotes":""},"categories":[12],"tags":[22,23,26,27,17,21,24,25,28,29,15,16,18,34,31,33,32,30,19,20],"class_list":{"0":"post-103852","1":"post","2":"type-post","3":"status-publish","4":"format-standard","5":"has-post-thumbnail","7":"category-sverige","8":"tag-breaking-news","9":"tag-breakingnews","10":"tag-featured-news","11":"tag-featurednews","12":"tag-headlines","13":"tag-huvudnyheter","14":"tag-latest-news","15":"tag-latestnews","16":"tag-main-news","17":"tag-mainnews","18":"tag-news","19":"tag-nyheter","20":"tag-rubriker","21":"tag-se","22":"tag-svenska","23":"tag-sverige","24":"tag-sweden","25":"tag-swedish","26":"tag-top-stories","27":"tag-topstories"},"share_on_mastodon":{"url":"https:\/\/pubeurope.com\/@se\/115707252840252812","error":""},"_links":{"self":[{"href":"https:\/\/www.europesays.com\/se\/wp-json\/wp\/v2\/posts\/103852","targetHints":{"allow":["GET"]}}],"collection":[{"href":"https:\/\/www.europesays.com\/se\/wp-json\/wp\/v2\/posts"}],"about":[{"href":"https:\/\/www.europesays.com\/se\/wp-json\/wp\/v2\/types\/post"}],"author":[{"embeddable":true,"href":"https:\/\/www.europesays.com\/se\/wp-json\/wp\/v2\/users\/2"}],"replies":[{"embeddable":true,"href":"https:\/\/www.europesays.com\/se\/wp-json\/wp\/v2\/comments?post=103852"}],"version-history":[{"count":0,"href":"https:\/\/www.europesays.com\/se\/wp-json\/wp\/v2\/posts\/103852\/revisions"}],"wp:featuredmedia":[{"embeddable":true,"href":"https:\/\/www.europesays.com\/se\/wp-json\/wp\/v2\/media\/103853"}],"wp:attachment":[{"href":"https:\/\/www.europesays.com\/se\/wp-json\/wp\/v2\/media?parent=103852"}],"wp:term":[{"taxonomy":"category","embeddable":true,"href":"https:\/\/www.europesays.com\/se\/wp-json\/wp\/v2\/categories?post=103852"},{"taxonomy":"post_tag","embeddable":true,"href":"https:\/\/www.europesays.com\/se\/wp-json\/wp\/v2\/tags?post=103852"}],"curies":[{"name":"wp","href":"https:\/\/api.w.org\/{rel}","templated":true}]}}