{"id":103854,"date":"2025-12-12T15:15:10","date_gmt":"2025-12-12T15:15:10","guid":{"rendered":"https:\/\/www.europesays.com\/se\/103854\/"},"modified":"2025-12-12T15:15:10","modified_gmt":"2025-12-12T15:15:10","slug":"kallor-ukraina-kan-bli-eu-medlem-2027","status":"publish","type":"post","link":"https:\/\/www.europesays.com\/se\/103854\/","title":{"rendered":"K\u00e4llor: Ukraina kan bli EU-medlem 2027"},"content":{"rendered":"<p>Ukraina kan f\u00e5 ett snabbsp\u00e5r in i EU till 2027 enligt utkastet till den fredsplan som USA och Ukraina nu f\u00f6rhandlar om, rapporterar Financial Times.<\/p>\n<p>Snabbsp\u00e5ret uppges, enligt tidningens k\u00e4llor med insyn, ha visst st\u00f6d i Bryssel, trots att det skulle g\u00e5 emot EU:s principer om vilka krav som m\u00e5ste vara uppfyllda f\u00f6r ett medlemskap.<\/p>\n<p>Om USA st\u00e4ller sig bakom planen skulle Donald Trump i sin tur be Ungerns Viktor Orb\u00e1n att dra tillbaka sitt veto mot ett ukrainskt EU-medlemskap, skriver Financial Times. <\/p>\n","protected":false},"excerpt":{"rendered":"Ukraina kan f\u00e5 ett snabbsp\u00e5r in i EU till 2027 enligt utkastet till den fredsplan som USA och&hellip;\n","protected":false},"author":2,"featured_media":793,"comment_status":"","ping_status":"","sticky":false,"template":"","format":"standard","meta":{"footnotes":""},"categories":[5],"tags":[22,23,26,27,17,21,24,25,28,29,15,16,18,34,31,33,32,30,19,20],"class_list":{"0":"post-103854","1":"post","2":"type-post","3":"status-publish","4":"format-standard","5":"has-post-thumbnail","7":"category-rubriker","8":"tag-breaking-news","9":"tag-breakingnews","10":"tag-featured-news","11":"tag-featurednews","12":"tag-headlines","13":"tag-huvudnyheter","14":"tag-latest-news","15":"tag-latestnews","16":"tag-main-news","17":"tag-mainnews","18":"tag-news","19":"tag-nyheter","20":"tag-rubriker","21":"tag-se","22":"tag-svenska","23":"tag-sverige","24":"tag-sweden","25":"tag-swedish","26":"tag-top-stories","27":"tag-topstories"},"share_on_mastodon":{"url":"https:\/\/pubeurope.com\/@se\/115707256795780970","error":""},"_links":{"self":[{"href":"https:\/\/www.europesays.com\/se\/wp-json\/wp\/v2\/posts\/103854","targetHints":{"allow":["GET"]}}],"collection":[{"href":"https:\/\/www.europesays.com\/se\/wp-json\/wp\/v2\/posts"}],"about":[{"href":"https:\/\/www.europesays.com\/se\/wp-json\/wp\/v2\/types\/post"}],"author":[{"embeddable":true,"href":"https:\/\/www.europesays.com\/se\/wp-json\/wp\/v2\/users\/2"}],"replies":[{"embeddable":true,"href":"https:\/\/www.europesays.com\/se\/wp-json\/wp\/v2\/comments?post=103854"}],"version-history":[{"count":0,"href":"https:\/\/www.europesays.com\/se\/wp-json\/wp\/v2\/posts\/103854\/revisions"}],"wp:featuredmedia":[{"embeddable":true,"href":"https:\/\/www.europesays.com\/se\/wp-json\/wp\/v2\/media\/793"}],"wp:attachment":[{"href":"https:\/\/www.europesays.com\/se\/wp-json\/wp\/v2\/media?parent=103854"}],"wp:term":[{"taxonomy":"category","embeddable":true,"href":"https:\/\/www.europesays.com\/se\/wp-json\/wp\/v2\/categories?post=103854"},{"taxonomy":"post_tag","embeddable":true,"href":"https:\/\/www.europesays.com\/se\/wp-json\/wp\/v2\/tags?post=103854"}],"curies":[{"name":"wp","href":"https:\/\/api.w.org\/{rel}","templated":true}]}}