{"id":103859,"date":"2025-12-12T15:21:11","date_gmt":"2025-12-12T15:21:11","guid":{"rendered":"https:\/\/www.europesays.com\/se\/103859\/"},"modified":"2025-12-12T15:21:11","modified_gmt":"2025-12-12T15:21:11","slug":"yxman-till-attack-mot-stadsdelsforvaltningen","status":"publish","type":"post","link":"https:\/\/www.europesays.com\/se\/103859\/","title":{"rendered":"Yxman till attack mot stadsdelsf\u00f6rvaltningen"},"content":{"rendered":"<p class=\"ort\">Tensta<\/p>\n<p class=\"text\">Strax efter 14 larmades polisen till J\u00e4rva stadsdelsf\u00f6rvaltning, d\u00e5 en man i 20-\u00e5rs\u00e5ldern g\u00e5tt in med en yxa p\u00e5 f\u00f6rvaltningens kontor i Tensta och krossat glas.<\/p>\n<p class=\"text\">Samtidigt hade personalen f\u00e5tt s\u00f6ka skydd i andra delar av lokalerna.<\/p>\n<p class=\"text\">\u2013\u2009N\u00e4r vi larmades hade personal inrymt kontoret. Den enda p\u00e5 plats i receptionen var mannen med yxan som \u00e4gnade sig \u00e5t att krossa glas. Vi var d\u00e4r p\u00e5 fyra minuter och kunde gripa honom direkt, s\u00e4ger Daniel Wikdahl p\u00e5 polisens regionledningscentral. <\/p>\n<p>Ingen skadad<\/p>\n<p class=\"text\">Ingen skadades fysiskt vid h\u00e4ndelsen. Mannen \u00e4r misst\u00e4nkt f\u00f6r grovt olaga hot, grov skadeg\u00f6relse och grovt brott mot knivlagen.<\/p>\n<p class=\"text\">Polisen vill inte kommentera vad det r\u00f6r sig om f\u00f6r typ av hot.<\/p>\n<p class=\"text\">\u2013 Vi \u00e4r klara p\u00e5 platsen och mannen \u00e4r gripen. Nu arbetar vi vidare med f\u00f6rh\u00f6r, m\u00e5ls\u00e4gande blir b\u00e5de personer som befann sig p\u00e5 kontoret och stadsdelsf\u00f6rvaltningens personal, s\u00e4ger Daniel Wikdahl.<\/p>\n","protected":false},"excerpt":{"rendered":"Tensta Strax efter 14 larmades polisen till J\u00e4rva stadsdelsf\u00f6rvaltning, d\u00e5 en man i 20-\u00e5rs\u00e5ldern g\u00e5tt in med en&hellip;\n","protected":false},"author":2,"featured_media":103860,"comment_status":"","ping_status":"","sticky":false,"template":"","format":"standard","meta":{"footnotes":""},"categories":[14],"tags":[22,23,26,27,17,21,24,25,28,29,15,16,18,34,31,33,32,30,19,20,51,52,53,54],"class_list":{"0":"post-103859","1":"post","2":"type-post","3":"status-publish","4":"format-standard","5":"has-post-thumbnail","7":"category-varlden","8":"tag-breaking-news","9":"tag-breakingnews","10":"tag-featured-news","11":"tag-featurednews","12":"tag-headlines","13":"tag-huvudnyheter","14":"tag-latest-news","15":"tag-latestnews","16":"tag-main-news","17":"tag-mainnews","18":"tag-news","19":"tag-nyheter","20":"tag-rubriker","21":"tag-se","22":"tag-svenska","23":"tag-sverige","24":"tag-sweden","25":"tag-swedish","26":"tag-top-stories","27":"tag-topstories","28":"tag-varlden","29":"tag-world","30":"tag-world-news","31":"tag-worldnews"},"share_on_mastodon":{"url":"https:\/\/pubeurope.com\/@se\/115707280321101127","error":""},"_links":{"self":[{"href":"https:\/\/www.europesays.com\/se\/wp-json\/wp\/v2\/posts\/103859","targetHints":{"allow":["GET"]}}],"collection":[{"href":"https:\/\/www.europesays.com\/se\/wp-json\/wp\/v2\/posts"}],"about":[{"href":"https:\/\/www.europesays.com\/se\/wp-json\/wp\/v2\/types\/post"}],"author":[{"embeddable":true,"href":"https:\/\/www.europesays.com\/se\/wp-json\/wp\/v2\/users\/2"}],"replies":[{"embeddable":true,"href":"https:\/\/www.europesays.com\/se\/wp-json\/wp\/v2\/comments?post=103859"}],"version-history":[{"count":0,"href":"https:\/\/www.europesays.com\/se\/wp-json\/wp\/v2\/posts\/103859\/revisions"}],"wp:featuredmedia":[{"embeddable":true,"href":"https:\/\/www.europesays.com\/se\/wp-json\/wp\/v2\/media\/103860"}],"wp:attachment":[{"href":"https:\/\/www.europesays.com\/se\/wp-json\/wp\/v2\/media?parent=103859"}],"wp:term":[{"taxonomy":"category","embeddable":true,"href":"https:\/\/www.europesays.com\/se\/wp-json\/wp\/v2\/categories?post=103859"},{"taxonomy":"post_tag","embeddable":true,"href":"https:\/\/www.europesays.com\/se\/wp-json\/wp\/v2\/tags?post=103859"}],"curies":[{"name":"wp","href":"https:\/\/api.w.org\/{rel}","templated":true}]}}