{"id":103861,"date":"2025-12-12T15:22:18","date_gmt":"2025-12-12T15:22:18","guid":{"rendered":"https:\/\/www.europesays.com\/se\/103861\/"},"modified":"2025-12-12T15:22:18","modified_gmt":"2025-12-12T15:22:18","slug":"fritidskortet-gynnade-tusentals-barn-i-uppsala","status":"publish","type":"post","link":"https:\/\/www.europesays.com\/se\/103861\/","title":{"rendered":"Fritidskortet gynnade tusentals barn i Uppsala"},"content":{"rendered":"<p>\u2013 Det har varit poppis, konstaterar Andreas Sandqvist, kanslichef p\u00e5 Vaksala SK, som \u00e4r en av stans st\u00f6rre klubbar.Fritidskortet \u00e4r en ekonomisk satsning fr\u00e5n regeringen, f\u00f6r att f\u00e5 fler barn och ungdomar (8\u201316 \u00e5r) komma i r\u00f6relse och f\u00e5 en meningsfull fritid.I Uppsala kommun har n\u00e4rmare ett 90-tal f\u00f6reningar valt att ansluta sig, de allra flesta idrottsf\u00f6reningar. De<\/p>\n","protected":false},"excerpt":{"rendered":"\u2013 Det har varit poppis, konstaterar Andreas Sandqvist, kanslichef p\u00e5 Vaksala SK, som \u00e4r en av stans st\u00f6rre&hellip;\n","protected":false},"author":2,"featured_media":103862,"comment_status":"","ping_status":"","sticky":false,"template":"","format":"standard","meta":{"footnotes":""},"categories":[12],"tags":[22,23,26,27,17,21,24,25,28,29,15,16,18,34,31,33,32,30,19,20],"class_list":{"0":"post-103861","1":"post","2":"type-post","3":"status-publish","4":"format-standard","5":"has-post-thumbnail","7":"category-sverige","8":"tag-breaking-news","9":"tag-breakingnews","10":"tag-featured-news","11":"tag-featurednews","12":"tag-headlines","13":"tag-huvudnyheter","14":"tag-latest-news","15":"tag-latestnews","16":"tag-main-news","17":"tag-mainnews","18":"tag-news","19":"tag-nyheter","20":"tag-rubriker","21":"tag-se","22":"tag-svenska","23":"tag-sverige","24":"tag-sweden","25":"tag-swedish","26":"tag-top-stories","27":"tag-topstories"},"share_on_mastodon":{"url":"https:\/\/pubeurope.com\/@se\/115707284320687661","error":""},"_links":{"self":[{"href":"https:\/\/www.europesays.com\/se\/wp-json\/wp\/v2\/posts\/103861","targetHints":{"allow":["GET"]}}],"collection":[{"href":"https:\/\/www.europesays.com\/se\/wp-json\/wp\/v2\/posts"}],"about":[{"href":"https:\/\/www.europesays.com\/se\/wp-json\/wp\/v2\/types\/post"}],"author":[{"embeddable":true,"href":"https:\/\/www.europesays.com\/se\/wp-json\/wp\/v2\/users\/2"}],"replies":[{"embeddable":true,"href":"https:\/\/www.europesays.com\/se\/wp-json\/wp\/v2\/comments?post=103861"}],"version-history":[{"count":0,"href":"https:\/\/www.europesays.com\/se\/wp-json\/wp\/v2\/posts\/103861\/revisions"}],"wp:featuredmedia":[{"embeddable":true,"href":"https:\/\/www.europesays.com\/se\/wp-json\/wp\/v2\/media\/103862"}],"wp:attachment":[{"href":"https:\/\/www.europesays.com\/se\/wp-json\/wp\/v2\/media?parent=103861"}],"wp:term":[{"taxonomy":"category","embeddable":true,"href":"https:\/\/www.europesays.com\/se\/wp-json\/wp\/v2\/categories?post=103861"},{"taxonomy":"post_tag","embeddable":true,"href":"https:\/\/www.europesays.com\/se\/wp-json\/wp\/v2\/tags?post=103861"}],"curies":[{"name":"wp","href":"https:\/\/api.w.org\/{rel}","templated":true}]}}