{"id":103865,"date":"2025-12-12T15:24:07","date_gmt":"2025-12-12T15:24:07","guid":{"rendered":"https:\/\/www.europesays.com\/se\/103865\/"},"modified":"2025-12-12T15:24:07","modified_gmt":"2025-12-12T15:24:07","slug":"slog-ut-fem-tander-pa-sin-flickvan-atalas-sundsvalls-tidning","status":"publish","type":"post","link":"https:\/\/www.europesays.com\/se\/103865\/","title":{"rendered":"Slog ut fem t\u00e4nder p\u00e5 sin flickv\u00e4n \u2013 \u00e5talas \u2013 Sundsvalls Tidning"},"content":{"rendered":"<p>Om Sundsvalls Tidning<\/p>\n<p class=\"site-footer__about-text txt-ui txt-ui-2\">Sundsvalls Tidning, ST, \u00e4r en dagstidning som getts ut sedan 1841. Nyhetsf\u00f6rmedling i Medelpads kommuner \u00e4r ett uppdrag som vi har haft i \u00f6ver 180 \u00e5r. Hos oss f\u00e5r l\u00e4sarna b\u00e5de djupg\u00e5ende granskningar och snabba uppdateringar om de senaste h\u00e4ndelserna dygnet runt. ST finns som papperstidning, e-tidning, sajt, app, i nyhetsbrev och p\u00e5 sociala medier.<\/p>\n","protected":false},"excerpt":{"rendered":"Om Sundsvalls Tidning Sundsvalls Tidning, ST, \u00e4r en dagstidning som getts ut sedan 1841. Nyhetsf\u00f6rmedling i Medelpads kommuner&hellip;\n","protected":false},"author":2,"featured_media":103866,"comment_status":"","ping_status":"","sticky":false,"template":"","format":"standard","meta":{"footnotes":""},"categories":[69],"tags":[113,112,34,31,33,32,30],"class_list":{"0":"post-103865","1":"post","2":"type-post","3":"status-publish","4":"format-standard","5":"has-post-thumbnail","7":"category-halsa","8":"tag-halsa","9":"tag-health","10":"tag-se","11":"tag-svenska","12":"tag-sverige","13":"tag-sweden","14":"tag-swedish"},"share_on_mastodon":{"url":"https:\/\/pubeurope.com\/@se\/115707292136103697","error":""},"_links":{"self":[{"href":"https:\/\/www.europesays.com\/se\/wp-json\/wp\/v2\/posts\/103865","targetHints":{"allow":["GET"]}}],"collection":[{"href":"https:\/\/www.europesays.com\/se\/wp-json\/wp\/v2\/posts"}],"about":[{"href":"https:\/\/www.europesays.com\/se\/wp-json\/wp\/v2\/types\/post"}],"author":[{"embeddable":true,"href":"https:\/\/www.europesays.com\/se\/wp-json\/wp\/v2\/users\/2"}],"replies":[{"embeddable":true,"href":"https:\/\/www.europesays.com\/se\/wp-json\/wp\/v2\/comments?post=103865"}],"version-history":[{"count":0,"href":"https:\/\/www.europesays.com\/se\/wp-json\/wp\/v2\/posts\/103865\/revisions"}],"wp:featuredmedia":[{"embeddable":true,"href":"https:\/\/www.europesays.com\/se\/wp-json\/wp\/v2\/media\/103866"}],"wp:attachment":[{"href":"https:\/\/www.europesays.com\/se\/wp-json\/wp\/v2\/media?parent=103865"}],"wp:term":[{"taxonomy":"category","embeddable":true,"href":"https:\/\/www.europesays.com\/se\/wp-json\/wp\/v2\/categories?post=103865"},{"taxonomy":"post_tag","embeddable":true,"href":"https:\/\/www.europesays.com\/se\/wp-json\/wp\/v2\/tags?post=103865"}],"curies":[{"name":"wp","href":"https:\/\/api.w.org\/{rel}","templated":true}]}}