{"id":103867,"date":"2025-12-12T15:25:18","date_gmt":"2025-12-12T15:25:18","guid":{"rendered":"https:\/\/www.europesays.com\/se\/103867\/"},"modified":"2025-12-12T15:25:18","modified_gmt":"2025-12-12T15:25:18","slug":"camp-francesinha-anes-mravac-efter-forlusten-mot-fc-porto","status":"publish","type":"post","link":"https:\/\/www.europesays.com\/se\/103867\/","title":{"rendered":"Camp Francesinha- Anes Mravac efter f\u00f6rlusten mot FC Porto"},"content":{"rendered":"<p>I den mixade zonen s\u00e5 var det mycket fr\u00e5gor om hans framtid och de ryktena som cirkulerat om en eventuell \u00e5terf\u00f6rening med Kim Hellberg och David Selin i England. Han summerade \u00e4ven sin MFF tid och gav sin analys p\u00e5 \u00e5rets sista match. <\/p>\n<p>Anes Mravac fick komma in i ett otacksamt l\u00e4ge och f\u00f6rs\u00f6ka ro en sjunkande b\u00e5t i hamn. Han summerade sin MFF-tid med att p\u00e5peka att marginalerna har varit emot dem under h\u00f6sten och n\u00e4mnde exempelvis matcherna mot Plzen, Panathinaikos och Dinamo Zagreb som exempel. <\/p>\n<p>P\u00e5 fr\u00e5gan g\u00e4llande laguttagning och anledningen till varf\u00f6r Lundbergh startade s\u00e5 svarade han att han har varit bra p\u00e5 tr\u00e4ning l\u00e4nge. Och att han d\u00e4rmed f\u00f6rtj\u00e4nade en chans fr\u00e5n start. Ang\u00e5ende Lundberghs framtid i MFF tr\u00f6jan s\u00e5 var han hoppfull och tror att han kommer ge den h\u00e4r klubben ytterligare framg\u00e5ngar. <\/p>\n<p>Men f\u00f6r Mravac blir det inget fortsatt arbete med Theodor Lundbergh eller de resterande spelarna. <\/p>\n<p>Det har ryktats om att han ska ansluta Kim Hellberg och David Selin i Midlesbrough i resan mot Premier League. P\u00e5 fr\u00e5gor om de uppgifterna s\u00e5 glimtade han p\u00e5 d\u00f6rren. <\/p>\n<p>-Alla vet ju att jag, Kim och David har jobbat tillsammans. Och vi har en bra relation. En dr\u00f6m hade varit n\u00e5n g\u00e5ng att \u00e5terf\u00f6renas och helst utomlands. <\/p>\n<p>P\u00e5 fr\u00e5gor om han h\u00e5ller kontakten med dem s\u00e5 var svaret \u00e4ven d\u00e4r ja. Och fr\u00e5gor om han skulle tr\u00e4na BK Olympic n\u00e4sta \u00e5r s\u00e5 var svaret d\u00e4r nej. <\/p>\n<p>Hans tankar och analyser av den sista matchen var positiva. Han var n\u00f6jd med arbetsinsatsen och att man v\u00e5gade mer. D\u00e4r n\u00e4mnde han Nottingham-matchen som en kontrast d\u00e4r MFF inte alls v\u00e5gade. Och att det h\u00e4r var ett steg fram\u00e5t. <\/p>\n<p>Han belyste \u00e4ven individuella insatser i den mixade zonen. Han lyfte bland annat fram Theodor Lundbergh men \u00e4ven Kenan Busuladzic. Robin Olsen fick ocks\u00e5 ber\u00f6m f\u00f6r sin insats samt Pontus Jansson. <\/p>\n<p>Ang\u00e5ende valet av Soumah fr\u00e5n start svarade han s\u00e5h\u00e4r: <\/p>\n<p>-Vi t\u00e4nkte att vi beh\u00f6ver ha n\u00e5n d\u00e4r framme som kan h\u00e5lla bollen felv\u00e4nd. Men ocks\u00e5 n\u00e5n som kan st\u00e5 f\u00f6r ett djupledshot. Jag tycker vi har saknat kvaliteter i det felv\u00e4nda spelet sedan Isaac l\u00e4mnade. Jag tycker Soumah g\u00f6r det v\u00e4ldigt bra idag. <\/p>\n<p>P\u00e5 min fr\u00e5ga om vad som har saknats offensivt under hela \u00e5ret men \u00e4ven under h\u00f6sten svarade han s\u00e5h\u00e4r: <\/p>\n<p>-Dels saknas det hur vi kan hamna i fler situationer d\u00e4r vi s\u00e4tter forwards i spel. Vi beh\u00f6ver bli \u00e4nnu b\u00e4ttre p\u00e5 den h\u00e4r niv\u00e5n med bollen. Hur vi tar oss fram som lag. Men \u00e4ven att f\u00f6rvalta de situationer och m\u00f6jligheter vi f\u00e5r. F\u00f6r vi f\u00e5r inte lika m\u00e5nga klara m\u00e5lchanser p\u00e5 den h\u00e4r niv\u00e5n. <\/p>\n<p>Avslutningsvis s\u00e5 fr\u00e5gade jag honom om det saknas spets och om det beh\u00f6vs nytillskott till 2026: <\/p>\n<p>-Som tr\u00e4nare \u00f6nskar man alltid mer spets. Ju mer spets man har desto st\u00f6rre m\u00f6jligheter finns det f\u00f6r att f\u00f6rvalta m\u00e5lchanserna. <\/p>\n<p>Han n\u00e4mnde dock att spets redan har kommit in genom den 18-\u00e5riga serben Jovan Milosalvejic som ansluter f\u00f6rst i Januari. Sedan belyste han \u00e4ven att spets spelare \u00e4ven finns i truppen s\u00e5som Erik Botheim och Taha Ali. <\/p>\n","protected":false},"excerpt":{"rendered":"I den mixade zonen s\u00e5 var det mycket fr\u00e5gor om hans framtid och de ryktena som cirkulerat om&hellip;\n","protected":false},"author":2,"featured_media":103868,"comment_status":"","ping_status":"","sticky":false,"template":"","format":"standard","meta":{"footnotes":""},"categories":[68],"tags":[159,158,157,138,156,165,164,140,34,160,162,111,110,31,161,33,32,30,163],"class_list":{"0":"post-103867","1":"post","2":"type-post","3":"status-publish","4":"format-standard","5":"has-post-thumbnail","7":"category-sport","8":"tag-allsvenskan","9":"tag-fans","10":"tag-fantv","11":"tag-fotboll","12":"tag-hockey","13":"tag-matcher","14":"tag-matchprogram","15":"tag-premier-league","16":"tag-se","17":"tag-serie-a","18":"tag-spelschema","19":"tag-sport","20":"tag-sports","21":"tag-svenska","22":"tag-svenskafans","23":"tag-sverige","24":"tag-sweden","25":"tag-swedish","26":"tag-tabeller"},"share_on_mastodon":{"url":"https:\/\/pubeurope.com\/@se\/115707296290519782","error":""},"_links":{"self":[{"href":"https:\/\/www.europesays.com\/se\/wp-json\/wp\/v2\/posts\/103867","targetHints":{"allow":["GET"]}}],"collection":[{"href":"https:\/\/www.europesays.com\/se\/wp-json\/wp\/v2\/posts"}],"about":[{"href":"https:\/\/www.europesays.com\/se\/wp-json\/wp\/v2\/types\/post"}],"author":[{"embeddable":true,"href":"https:\/\/www.europesays.com\/se\/wp-json\/wp\/v2\/users\/2"}],"replies":[{"embeddable":true,"href":"https:\/\/www.europesays.com\/se\/wp-json\/wp\/v2\/comments?post=103867"}],"version-history":[{"count":0,"href":"https:\/\/www.europesays.com\/se\/wp-json\/wp\/v2\/posts\/103867\/revisions"}],"wp:featuredmedia":[{"embeddable":true,"href":"https:\/\/www.europesays.com\/se\/wp-json\/wp\/v2\/media\/103868"}],"wp:attachment":[{"href":"https:\/\/www.europesays.com\/se\/wp-json\/wp\/v2\/media?parent=103867"}],"wp:term":[{"taxonomy":"category","embeddable":true,"href":"https:\/\/www.europesays.com\/se\/wp-json\/wp\/v2\/categories?post=103867"},{"taxonomy":"post_tag","embeddable":true,"href":"https:\/\/www.europesays.com\/se\/wp-json\/wp\/v2\/tags?post=103867"}],"curies":[{"name":"wp","href":"https:\/\/api.w.org\/{rel}","templated":true}]}}