{"id":103874,"date":"2025-12-12T15:30:54","date_gmt":"2025-12-12T15:30:54","guid":{"rendered":"https:\/\/www.europesays.com\/se\/103874\/"},"modified":"2025-12-12T15:30:54","modified_gmt":"2025-12-12T15:30:54","slug":"tagtrafiken-igang-igen-mellan-malmo-och-kastrup","status":"publish","type":"post","link":"https:\/\/www.europesays.com\/se\/103874\/","title":{"rendered":"T\u00e5gtrafiken ig\u00e5ng igen mellan Malm\u00f6 och Kastrup"},"content":{"rendered":"<p>Strax innan klockan 14 kom ett larm om en r\u00f6kutveckling fr\u00e5n ett t\u00e5g p\u00e5 Kastrup station. Enligt DSB:s pressavdelning var det en brand som startat under ett t\u00e5g som orsakade r\u00f6kutvecklingen. <\/p>\n<p>P\u00e5 grund av branden stoppades all t\u00e5gtrafik till och fr\u00e5n Kastrup. Ers\u00e4ttningsbussar sattes in av Sk\u00e5netrafiken och \u00d6resundst\u00e5g v\u00e4nde i Malm\u00f6. <\/p>\n<p>Sedan klocka 15 ska trafiken l\u00e5ngsamt starta upp igen men lite f\u00f6rseningar \u00e4r att v\u00e4nta. <\/p>\n","protected":false},"excerpt":{"rendered":"Strax innan klockan 14 kom ett larm om en r\u00f6kutveckling fr\u00e5n ett t\u00e5g p\u00e5 Kastrup station. Enligt DSB:s&hellip;\n","protected":false},"author":2,"featured_media":793,"comment_status":"","ping_status":"","sticky":false,"template":"","format":"standard","meta":{"footnotes":""},"categories":[12],"tags":[22,23,26,27,17,21,24,25,28,29,15,16,18,34,31,33,32,30,19,20],"class_list":{"0":"post-103874","1":"post","2":"type-post","3":"status-publish","4":"format-standard","5":"has-post-thumbnail","7":"category-sverige","8":"tag-breaking-news","9":"tag-breakingnews","10":"tag-featured-news","11":"tag-featurednews","12":"tag-headlines","13":"tag-huvudnyheter","14":"tag-latest-news","15":"tag-latestnews","16":"tag-main-news","17":"tag-mainnews","18":"tag-news","19":"tag-nyheter","20":"tag-rubriker","21":"tag-se","22":"tag-svenska","23":"tag-sverige","24":"tag-sweden","25":"tag-swedish","26":"tag-top-stories","27":"tag-topstories"},"share_on_mastodon":{"url":"https:\/\/pubeurope.com\/@se\/115707319716749726","error":""},"_links":{"self":[{"href":"https:\/\/www.europesays.com\/se\/wp-json\/wp\/v2\/posts\/103874","targetHints":{"allow":["GET"]}}],"collection":[{"href":"https:\/\/www.europesays.com\/se\/wp-json\/wp\/v2\/posts"}],"about":[{"href":"https:\/\/www.europesays.com\/se\/wp-json\/wp\/v2\/types\/post"}],"author":[{"embeddable":true,"href":"https:\/\/www.europesays.com\/se\/wp-json\/wp\/v2\/users\/2"}],"replies":[{"embeddable":true,"href":"https:\/\/www.europesays.com\/se\/wp-json\/wp\/v2\/comments?post=103874"}],"version-history":[{"count":0,"href":"https:\/\/www.europesays.com\/se\/wp-json\/wp\/v2\/posts\/103874\/revisions"}],"wp:featuredmedia":[{"embeddable":true,"href":"https:\/\/www.europesays.com\/se\/wp-json\/wp\/v2\/media\/793"}],"wp:attachment":[{"href":"https:\/\/www.europesays.com\/se\/wp-json\/wp\/v2\/media?parent=103874"}],"wp:term":[{"taxonomy":"category","embeddable":true,"href":"https:\/\/www.europesays.com\/se\/wp-json\/wp\/v2\/categories?post=103874"},{"taxonomy":"post_tag","embeddable":true,"href":"https:\/\/www.europesays.com\/se\/wp-json\/wp\/v2\/tags?post=103874"}],"curies":[{"name":"wp","href":"https:\/\/api.w.org\/{rel}","templated":true}]}}