{"id":103875,"date":"2025-12-12T15:32:45","date_gmt":"2025-12-12T15:32:45","guid":{"rendered":"https:\/\/www.europesays.com\/se\/103875\/"},"modified":"2025-12-12T15:32:45","modified_gmt":"2025-12-12T15:32:45","slug":"svaret-om-trumps-mystiska-plaster-blamarke-efter-handskakning-varlden","status":"publish","type":"post","link":"https:\/\/www.europesays.com\/se\/103875\/","title":{"rendered":"Svaret om Trumps mystiska pl\u00e5ster: Bl\u00e5m\u00e4rke efter handskakning | V\u00e4rlden"},"content":{"rendered":"<p>Publicerad 12 dec 2025 kl 13.53Uppdaterad kl 14.26<\/p>\n<p>Pl\u00e5stret p\u00e5 Donald Trumps hand har v\u00e4ckt fr\u00e5gor om hans h\u00e4lsa.<\/p>\n<p>Nu svarar Vita huset.\u00a0<\/p>\n<p>\u2013 Ovala rummet \u00e4r som Grand Central Terminal, s\u00e4ger presidentens pressekreterare Karoline Leavitt.<\/p>\n<p><img loading=\"lazy\"   alt=\"\"\/><\/p>\n<p>Donald Trump och Melania Trump p\u00e5 Kennedy Center Honors.<\/p>\n<p>Foto: JULIA DEMAREE NIKHINSON \/ AP TT NYHETSBYR\u00c5N<\/p>\n<p>\u00d6ppna bild i helsk\u00e4rm<img loading=\"lazy\"   alt=\"\"\/> <\/p>\n<p>Foto: JULIA DEMAREE NIKHINSON \/ AP TT NYHETSBYR\u00c5N<\/p>\n<p>\u00d6ppna bild i helsk\u00e4rm<\/p>\n<p>N\u00e4r 79-\u00e5rige <a href=\"https:\/\/www.expressen.se\/tagg\/person\/donald-trump\/\" class=\"\" rel=\"nofollow noopener\" target=\"_blank\">Donald Trump<\/a> visade upp sig p\u00e5 r\u00f6da mattan under Kennedy Center Honors-galan tidigare i veckan syntes tv\u00e5 stora pl\u00e5ster p\u00e5 presidentens hand. P\u00e5 n\u00e4rbilder syntes ocks\u00e5 att handen var sminkad.<\/p>\n<p>\u00c4ven f\u00f6rra veckan d\u00f6k Trump upp med pl\u00e5ster p\u00e5 handen, d\u00e5 vid ett kabinettm\u00f6te i Ovala rummet f\u00f6rra tisdagen, och spekulationerna kring presidentens h\u00e4lsa har tagit ny fart.<\/p>\n<p><img loading=\"lazy\"   alt=\"\"\/><\/p>\n<p>Pl\u00e5stren p\u00e5 Donald Trumps h\u00f6gra hand under Kennedy Center Honors-galan.<\/p>\n<p>Foto: JULIA DEMAREE NIKHINSON \/ AP TT NYHETSBYR\u00c5N<\/p>\n<p>\u00d6ppna bild i helsk\u00e4rmHandskakningar och Asprin<\/p>\n<p>Vid en pressbriefing i Vita huset avf\u00e4rdade pressekreterare Karoline Leavitt alla farh\u00e5gor och f\u00f6rklarade att m\u00e4rkena berodde p\u00e5 Trumps fullsp\u00e4ckade schema och hans frekventa handskakningar.<\/p>\n<p>\u2013 Presidenten skakar bokstavligen hand hela tiden, s\u00e4ger Karoline Leavitt och po\u00e4ngterar att Trump tr\u00e4ffar m\u00e5nga personer varje dag.<\/p>\n<p>\u2013 Han st\u00e5r ocks\u00e5 p\u00e5 en daglig aspirinbehandling, vilket \u00e4ven har n\u00e4mnts i hans tidigare h\u00e4lsounders\u00f6kningar, och det kan bidra till det bl\u00e5m\u00e4rke ni ser, forts\u00e4tter hon.<\/p>\n<p><img loading=\"lazy\"   alt=\"\"\/><\/p>\n<p>Karoline Leavitt under presstr\u00e4ffen.<\/p>\n<p>Foto: EVAN VUCCI \/ AP TT NYHETSBYR\u00c5N<\/p>\n<p>\u00d6ppna bild i helsk\u00e4rm<\/p>\n<p>Som den \u00e4ldsta presidenten som n\u00e5gonsin valts i USA har Trump kraftfullt f\u00f6rsvarat sin personliga h\u00e4lsa. I tisdags, efter att spekulationerna kring hans h\u00e4lsa drog i g\u00e5ng igen, gick Trump ut p\u00e5 sin sociala medie-plattform Truth Social och kallade nyhetsorganisationers utredningar av hans fysiska kondition likv\u00e4rdiga med \u201duppvigling, kanske till och med f\u00f6rr\u00e4deri\u201d.<\/p>\n<p>Enligt Vita huset gjorde Trump i oktober en grundlig l\u00e4karunders\u00f6kning, inklusive en MR-unders\u00f6kning, och hans l\u00e4kare rapporterade d\u00e5 att presidenten var vid \u201dutm\u00e4rkt h\u00e4lsa\u201d.<\/p>\n<p>Att Trump f\u00e5r bl\u00e5m\u00e4rken av all handskakning \u00e4r n\u00e5got Vita huset har framh\u00e5llit tidigare.<\/p>\n","protected":false},"excerpt":{"rendered":"Publicerad 12 dec 2025 kl 13.53Uppdaterad kl 14.26 Pl\u00e5stret p\u00e5 Donald Trumps hand har v\u00e4ckt fr\u00e5gor om hans&hellip;\n","protected":false},"author":2,"featured_media":103876,"comment_status":"","ping_status":"","sticky":false,"template":"","format":"standard","meta":{"footnotes":""},"categories":[5],"tags":[22,23,26,27,17,21,24,25,45,1340,28,29,15,16,198,9256,18,34,55,31,33,32,30,19,204,20],"class_list":{"0":"post-103875","1":"post","2":"type-post","3":"status-publish","4":"format-standard","5":"has-post-thumbnail","7":"category-rubriker","8":"tag-breaking-news","9":"tag-breakingnews","10":"tag-featured-news","11":"tag-featurednews","12":"tag-headlines","13":"tag-huvudnyheter","14":"tag-latest-news","15":"tag-latestnews","16":"tag-location-usa","17":"tag-location-vita-huset","18":"tag-main-news","19":"tag-mainnews","20":"tag-news","21":"tag-nyheter","22":"tag-person-donald-trump","23":"tag-person-karoline-leavitt","24":"tag-rubriker","25":"tag-se","26":"tag-sections-varlden","27":"tag-svenska","28":"tag-sverige","29":"tag-sweden","30":"tag-swedish","31":"tag-top-stories","32":"tag-topic-amerikansk-politik","33":"tag-topstories"},"share_on_mastodon":{"url":"https:\/\/pubeurope.com\/@se\/115707327511551397","error":""},"_links":{"self":[{"href":"https:\/\/www.europesays.com\/se\/wp-json\/wp\/v2\/posts\/103875","targetHints":{"allow":["GET"]}}],"collection":[{"href":"https:\/\/www.europesays.com\/se\/wp-json\/wp\/v2\/posts"}],"about":[{"href":"https:\/\/www.europesays.com\/se\/wp-json\/wp\/v2\/types\/post"}],"author":[{"embeddable":true,"href":"https:\/\/www.europesays.com\/se\/wp-json\/wp\/v2\/users\/2"}],"replies":[{"embeddable":true,"href":"https:\/\/www.europesays.com\/se\/wp-json\/wp\/v2\/comments?post=103875"}],"version-history":[{"count":0,"href":"https:\/\/www.europesays.com\/se\/wp-json\/wp\/v2\/posts\/103875\/revisions"}],"wp:featuredmedia":[{"embeddable":true,"href":"https:\/\/www.europesays.com\/se\/wp-json\/wp\/v2\/media\/103876"}],"wp:attachment":[{"href":"https:\/\/www.europesays.com\/se\/wp-json\/wp\/v2\/media?parent=103875"}],"wp:term":[{"taxonomy":"category","embeddable":true,"href":"https:\/\/www.europesays.com\/se\/wp-json\/wp\/v2\/categories?post=103875"},{"taxonomy":"post_tag","embeddable":true,"href":"https:\/\/www.europesays.com\/se\/wp-json\/wp\/v2\/tags?post=103875"}],"curies":[{"name":"wp","href":"https:\/\/api.w.org\/{rel}","templated":true}]}}