{"id":103879,"date":"2025-12-12T15:40:31","date_gmt":"2025-12-12T15:40:31","guid":{"rendered":"https:\/\/www.europesays.com\/se\/103879\/"},"modified":"2025-12-12T15:40:31","modified_gmt":"2025-12-12T15:40:31","slug":"vinted-bluffen-nar-vinted-saljer-shein-klader-till-tredubbelt-pris","status":"publish","type":"post","link":"https:\/\/www.europesays.com\/se\/103879\/","title":{"rendered":"Vinted-bluffen: N\u00e4r Vinted s\u00e4ljer Shein-kl\u00e4der till tredubbelt pris"},"content":{"rendered":"<p>Det har dykt upp ett v\u00e4xande antal annonser p\u00e5 Vinted d\u00e4r varor som ursprungligen s\u00e4ljs f\u00f6r l\u00e5ga priser p\u00e5 plattformar som Shein eller Temu listas som \u201cunik second hand\u201d, ofta till m\u00e5ngdubbelt h\u00f6gre summor. <\/p>\n<p>Enligt rapporter fr\u00e5n franska <a href=\"https:\/\/www.midilibre.fr\/2025\/12\/11\/arnaques-sur-vinted-quand-les-vetements-bas-de-gamme-achetes-sur-shein-ou-temu-sont-revendus-jusqua-trois-fois-leur-prix-13085791.php\" rel=\"nofollow noopener\" target=\"_blank\">Midi Libre<\/a> och delningar i sociala medier anger s\u00e4ljare att plaggen \u00e4r \u201cvintage\u201d eller att de kommer fr\u00e5n sm\u00e5 m\u00e4rken, n\u00e4r de i sj\u00e4lva verket \u00e4r massproducerade plagg fr\u00e5n l\u00e5gprissegmentet. <\/p>\n<p>Anv\u00e4ndare och k\u00f6pare p\u00e5 forum uttrycker frustration \u00f6ver att dessa listningar inte bara \u00e4r vilseledande utan att de kan uppfattas som regelr\u00e4tta bedr\u00e4gerier. <\/p>\n<p>I diskussionstr\u00e5dar fr\u00e5n <a href=\"https:\/\/www.reddit.com\/r\/vinted\/comments\/1owlekf\/infamous_seller_has_nearly_6000_5_star_reviews\/?utm_source=chatgpt.com\" rel=\"nofollow noopener\" target=\"_blank\">Reddit <\/a>och <a href=\"https:\/\/www.facebook.com\/midilibre\/posts\/arnaques-sur-vinted-quand-les-v%C3%AAtements-bas-de-gamme-achet%C3%A9s-sur-shein-ou-temu-s\/1278901454274924\/?utm_source=chatgpt.com\" rel=\"nofollow noopener\" target=\"_blank\">Facebook <\/a>vittnar medlemmar om hur vissa s\u00e4ljare s\u00e4ljer Temu- eller Shein-produkter som n\u00e5got exklusivt, samtidigt som plattformens moderering verkar ineffektiv f\u00f6r att stoppa beteendet. <\/p>\n<p><strong>Missa inte:<\/strong> <a href=\"https:\/\/www.dagensps.se\/privatekonomi\/second-hand-vantas-bli-storre-an-fast-fashion\/\" rel=\"nofollow noopener\" target=\"_blank\">Second hand v\u00e4ntas bli st\u00f6rre \u00e4n \u201cfast fashion\u201d<\/a><\/p>\n<p><strong>Varf\u00f6r det h\u00e4r blir en fr\u00e5ga om f\u00f6rtroende<\/strong><\/p>\n<p>Vinted beskriver sig som en plattform f\u00f6r att f\u00f6rl\u00e4nga livsl\u00e4ngden p\u00e5 kl\u00e4der genom privatpersoner som s\u00e4ljer vidare sina plagg. <\/p>\n<p>Men n\u00e4r annonser uppges vara second hand samtidigt som produkterna i sj\u00e4lva verket \u00e4r nya och billiga, blir det en konflikt med tj\u00e4nstens grundl\u00e4ggande v\u00e4rdef\u00f6rslag.<\/p>\n<p>Konsumenter som k\u00f6per via Vinted riskerar att betala l\u00e5ngt mer \u00e4n den faktiska kostnaden, trots att marknadsf\u00f6ringen av plattformen ofta lyfter fram h\u00e5llbarhet och cirkul\u00e4r ekonomi.<\/p>\n<p><img loading=\"lazy\" decoding=\"async\" width=\"1024\" height=\"512\" src=\"https:\/\/www.europesays.com\/se\/wp-content\/uploads\/2025\/12\/Namnlos-design-2025-12-12T114813.274-1024x512.png\" alt=\"\" class=\"wp-image-1592755\"  \/>Billiga plagg fr\u00e5n Shein kan i vissa fall s\u00e4ljas vidare till kraftigt \u00f6verpris. (Foto: Richard Drew\/AP\/TT)<\/p>\n<p>Kritiker menar att detta underbl\u00e5ser misst\u00e4nksamhet bland k\u00f6pare och skadar f\u00f6rtroendet f\u00f6r plattformen som helhet.<\/p>\n<p>\u201dEn usel app. Till\u00e5ter att falska varor s\u00e4ljs som \u00e4kta och visar inget intresse om man f\u00e5r problem.\u201d, skriver en anv\u00e4ndare p\u00e5 <a href=\"https:\/\/www.trustpilot.com\/review\/vinted.com?utm_source=chatgpt.com\" rel=\"nofollow noopener\" target=\"_blank\">Trustpilot<\/a>.<\/p>\n","protected":false},"excerpt":{"rendered":"Det har dykt upp ett v\u00e4xande antal annonser p\u00e5 Vinted d\u00e4r varor som ursprungligen s\u00e4ljs f\u00f6r l\u00e5ga priser&hellip;\n","protected":false},"author":2,"featured_media":103880,"comment_status":"","ping_status":"","sticky":false,"template":"","format":"standard","meta":{"footnotes":""},"categories":[65],"tags":[72,70,71,34,11342,4553,31,33,32,30,11742],"class_list":{"0":"post-103879","1":"post","2":"type-post","3":"status-publish","4":"format-standard","5":"has-post-thumbnail","7":"category-ekonomi","8":"tag-business","9":"tag-economy","10":"tag-ekonomi","11":"tag-se","12":"tag-second-hand","13":"tag-shein","14":"tag-svenska","15":"tag-sverige","16":"tag-sweden","17":"tag-swedish","18":"tag-vinted"},"share_on_mastodon":{"url":"https:\/\/pubeurope.com\/@se\/115707355465081923","error":""},"_links":{"self":[{"href":"https:\/\/www.europesays.com\/se\/wp-json\/wp\/v2\/posts\/103879","targetHints":{"allow":["GET"]}}],"collection":[{"href":"https:\/\/www.europesays.com\/se\/wp-json\/wp\/v2\/posts"}],"about":[{"href":"https:\/\/www.europesays.com\/se\/wp-json\/wp\/v2\/types\/post"}],"author":[{"embeddable":true,"href":"https:\/\/www.europesays.com\/se\/wp-json\/wp\/v2\/users\/2"}],"replies":[{"embeddable":true,"href":"https:\/\/www.europesays.com\/se\/wp-json\/wp\/v2\/comments?post=103879"}],"version-history":[{"count":0,"href":"https:\/\/www.europesays.com\/se\/wp-json\/wp\/v2\/posts\/103879\/revisions"}],"wp:featuredmedia":[{"embeddable":true,"href":"https:\/\/www.europesays.com\/se\/wp-json\/wp\/v2\/media\/103880"}],"wp:attachment":[{"href":"https:\/\/www.europesays.com\/se\/wp-json\/wp\/v2\/media?parent=103879"}],"wp:term":[{"taxonomy":"category","embeddable":true,"href":"https:\/\/www.europesays.com\/se\/wp-json\/wp\/v2\/categories?post=103879"},{"taxonomy":"post_tag","embeddable":true,"href":"https:\/\/www.europesays.com\/se\/wp-json\/wp\/v2\/tags?post=103879"}],"curies":[{"name":"wp","href":"https:\/\/api.w.org\/{rel}","templated":true}]}}