{"id":103881,"date":"2025-12-12T15:42:54","date_gmt":"2025-12-12T15:42:54","guid":{"rendered":"https:\/\/www.europesays.com\/se\/103881\/"},"modified":"2025-12-12T15:42:54","modified_gmt":"2025-12-12T15:42:54","slug":"indianas-republikaner-trotsar-trump-om-valkartorna","status":"publish","type":"post","link":"https:\/\/www.europesays.com\/se\/103881\/","title":{"rendered":"Indianas republikaner trotsar Trump om valkartorna"},"content":{"rendered":"<p>Publicerad 12 dec 2025 kl 02.33Uppdaterad kl 06.17<\/p>\n<p>De hotades av v\u00e4ljare och pressades av Donald Trump och andra partitoppar.<\/p>\n<p>\u00c4nd\u00e5 trotsar 21 republikaner presidenten \u2013 och r\u00f6star emot kravet.<\/p>\n<p>D\u00e4rmed ritas valkretsarna i Indiana inte om f\u00f6r att gynna Republikanerna.\u00a0<\/p>\n<p><img   alt=\"\"\/><\/p>\n<p>21 republikaner i Indiana, bland dem senatsledaren Rodric Bray, trotsar Trump om valkartorna.<\/p>\n<p>Foto: MICHAEL CONROY \/ AP\/ TT<\/p>\n<p>\u00d6ppna bild i helsk\u00e4rm<img loading=\"lazy\"   alt=\"\"\/><\/p>\n<p>Donald Trump har hotat och pressat lokalpolitikerna i Indiana f\u00f6r att f\u00e5 sin vilja igenom. Det gick inte.<\/p>\n<p>Foto: AARON SCHWARTZ \/ CNP \/ POLARIS IMAGES<\/p>\n<p>\u00d6ppna bild i helsk\u00e4rmARTIKELN I KORTHET<\/p>\n<p> Indianas republikanska delstatssenat har r\u00f6stat ner Trumps krav p\u00e5 att rita om valkretsarna, trots m\u00e5nader av p\u00e5tryckningar fr\u00e5n presidenten och andra partitoppar.<\/p>\n<p>\u00a0Den stoppade omritningen hade kunnat ge Republikanerna tv\u00e5 extra platser i USA:s representanthus.<\/p>\n<p> Flera republikanska ledam\u00f6ter har hotats eller utsatts f\u00f6r trakasserier under processen, bland annat genom bombhot och falska larmsamtal till polis.<\/p>\n<p>\u00a0Trump och guvern\u00f6r Mike Braun hotar att st\u00f6dja utmanare mot de republikaner som r\u00f6stade emot f\u00f6rslaget.<\/p>\n<p>Visa mer<\/p>\n<p>Delstatssenaten i Indiana r\u00f6star ner f\u00f6rslaget att rita om valdistrikten i delstaten.\u00a0<\/p>\n<p>D\u00e4rmed trotsar den republikanska majoriteten <a href=\"https:\/\/www.expressen.se\/tagg\/person\/donald-trump\/\" class=\"\" rel=\"nofollow noopener\" target=\"_blank\">Donald Trumps<\/a> krav p\u00e5 att f\u00f6r\u00e4ndra valkartan f\u00f6r att gynna Republikanerna i mellan\u00e5rsvalet n\u00e4sta \u00e5r. Den t\u00e4nkta f\u00f6r\u00e4ndringen hade kunnat ge partiet tv\u00e5 extra platser i representanthuset.<\/p>\n<p>Republikanerna i delstaten har pressats av presidenten och andra partitoppar i flera m\u00e5nader att genomf\u00f6ra omr\u00f6stningen, men ledarna har v\u00e4grat med h\u00e4nvisning till att det \u00e4nd\u00e5 inte finns tillr\u00e4ckligt med st\u00f6d trots en tydlig republikansk majoritet.\u00a0<\/p>\n<p>Till slut gav de efter och till\u00e4t en omr\u00f6stning \u2013 och det visade sig att de hade r\u00e4tt. Delstatens representanthus sl\u00e4ppte visserligen igenom f\u00f6rslaget i f\u00f6rra veckan, men i senaten blev det tv\u00e4rstopp p\u00e5 torsdagen. Med r\u00f6stsiffrorna 31-19 r\u00f6stades f\u00f6rslaget ner. 21 republikaner gick emot presidenten.\u00a0<\/p>\n<p>Under p\u00e5tryckningskampanj har Donald Trump, vicepresident JD Vance och Indianas guvern\u00f6r Mike Braun \u2013 bland andra \u2013 ringt, gjort personliga bes\u00f6k och lagt ut inl\u00e4gg p\u00e5 sociala medier f\u00f6r att f\u00f6rm\u00e5 dem att r\u00f6sta \u201dr\u00e4tt\u201d.\u00a0<\/p>\n<p>Senast p\u00e5 onsdagen hotade Donald Trump med att f\u00f6rs\u00f6ka f\u00e5 motst\u00e5ndarna till f\u00f6rslaget avsatta genom att st\u00f6tta \u201dMaga-utmanare\u201d i n\u00e4sta prim\u00e4rval. Bland dem senatsledaren Rodric Bray.<\/p>\n<p>\u201dRod Bray och hans v\u00e4nner kommer inte att bli kvar i politiken s\u00e4rskilt l\u00e4nge, och jag kommer att g\u00f6ra allt som st\u00e5r i min makt f\u00f6r att se till att de inte skadar Republikanska partiet \u2013 och v\u00e5rt land \u2013 igen\u201d, skrev han p\u00e5 Truth Social.\u00a0<\/p>\n<p>Bombhot och trakasserier<\/p>\n<p>Efter omr\u00f6stningen s\u00e4ger guvern\u00f6ren Mike Braun att han kommer att st\u00f6dja Trumps f\u00f6rs\u00f6k att utmana de upproriska republikanerna.<\/p>\n<p>\u201dJag \u00e4r mycket besviken \u00f6ver att en liten grupp vilseledda delstatssenatorer har slagit sig ihop med Demokraterna f\u00f6r att s\u00e4ga nej till denna m\u00f6jlighet att skydda inv\u00e5narna med hj\u00e4lp av r\u00e4ttvisa valdistrikt och f\u00f6r att avvisa president Trumps ledarskap\u201d, skriver han p\u00e5 <a href=\"https:\/\/x.com\/GovBraun\/status\/1999234066680512867\" rel=\"nofollow\">X<\/a>.<\/p>\n<p>Minst 12 republikaner har dessutom hotats av v\u00e4ljare under presidentens p\u00e5tryckningar. Flera har utsatts f\u00f6r bombhot, andra har trakasserats genom att polisen larmats till deras hem.\u00a0<\/p>\n<p>Delstatssenatorn Greg Goode, som Trump attackerat p\u00e5 sociala medier, ber\u00e4ttar att n\u00e5gon som utgav sig f\u00f6r att vara honom ringde polisen och p\u00e5stod att han hade m\u00f6rdat sin fru och sitt barn.<\/p>\n<p>\u2013 Min d\u00f6rr sparkades in. Vapen riktades direkt mot mig. Jag \u00e4r s\u00e5 tacksam \u00f6ver att jag var hemma och att min fru och son var nere i k\u00e4llaren och h\u00e4mtade julpynt, s\u00e4ger han till <a href=\"https:\/\/www.nbcnews.com\/politics\/elections\/indiana-senate-vote-trump-backed-congressional-map-gop-resistance-rcna247833\" rel=\"nofollow noopener\" target=\"_blank\">NBC News<\/a>.\u00a0<\/p>\n<p>Senatorn Dan Dernulc har utsatts f\u00f6r b\u00e5da metoderna.<\/p>\n<p>\u2013 Det p\u00e5verkar inte hur jag r\u00f6star. Men det \u00e4r \u00e4nd\u00e5 obehagligt, jag vill inte bli d\u00f6dad, s\u00e4ger han.\u00a0<\/p>\n","protected":false},"excerpt":{"rendered":"Publicerad 12 dec 2025 kl 02.33Uppdaterad kl 06.17 De hotades av v\u00e4ljare och pressades av Donald Trump och&hellip;\n","protected":false},"author":2,"featured_media":103882,"comment_status":"","ping_status":"","sticky":false,"template":"","format":"standard","meta":{"footnotes":""},"categories":[14],"tags":[22,23,26,27,17,21,24,25,11743,28,29,15,16,4510,198,363,18,34,55,31,33,32,30,19,204,20,51,52,53,54],"class_list":{"0":"post-103881","1":"post","2":"type-post","3":"status-publish","4":"format-standard","5":"has-post-thumbnail","7":"category-varlden","8":"tag-breaking-news","9":"tag-breakingnews","10":"tag-featured-news","11":"tag-featurednews","12":"tag-headlines","13":"tag-huvudnyheter","14":"tag-latest-news","15":"tag-latestnews","16":"tag-location-indiana","17":"tag-main-news","18":"tag-mainnews","19":"tag-news","20":"tag-nyheter","21":"tag-organization-republikanska-partiet","22":"tag-person-donald-trump","23":"tag-person-jd-vance","24":"tag-rubriker","25":"tag-se","26":"tag-sections-varlden","27":"tag-svenska","28":"tag-sverige","29":"tag-sweden","30":"tag-swedish","31":"tag-top-stories","32":"tag-topic-amerikansk-politik","33":"tag-topstories","34":"tag-varlden","35":"tag-world","36":"tag-world-news","37":"tag-worldnews"},"share_on_mastodon":{"url":"https:\/\/pubeurope.com\/@se\/115707366841406029","error":""},"_links":{"self":[{"href":"https:\/\/www.europesays.com\/se\/wp-json\/wp\/v2\/posts\/103881","targetHints":{"allow":["GET"]}}],"collection":[{"href":"https:\/\/www.europesays.com\/se\/wp-json\/wp\/v2\/posts"}],"about":[{"href":"https:\/\/www.europesays.com\/se\/wp-json\/wp\/v2\/types\/post"}],"author":[{"embeddable":true,"href":"https:\/\/www.europesays.com\/se\/wp-json\/wp\/v2\/users\/2"}],"replies":[{"embeddable":true,"href":"https:\/\/www.europesays.com\/se\/wp-json\/wp\/v2\/comments?post=103881"}],"version-history":[{"count":0,"href":"https:\/\/www.europesays.com\/se\/wp-json\/wp\/v2\/posts\/103881\/revisions"}],"wp:featuredmedia":[{"embeddable":true,"href":"https:\/\/www.europesays.com\/se\/wp-json\/wp\/v2\/media\/103882"}],"wp:attachment":[{"href":"https:\/\/www.europesays.com\/se\/wp-json\/wp\/v2\/media?parent=103881"}],"wp:term":[{"taxonomy":"category","embeddable":true,"href":"https:\/\/www.europesays.com\/se\/wp-json\/wp\/v2\/categories?post=103881"},{"taxonomy":"post_tag","embeddable":true,"href":"https:\/\/www.europesays.com\/se\/wp-json\/wp\/v2\/tags?post=103881"}],"curies":[{"name":"wp","href":"https:\/\/api.w.org\/{rel}","templated":true}]}}