{"id":103887,"date":"2025-12-12T15:48:07","date_gmt":"2025-12-12T15:48:07","guid":{"rendered":"https:\/\/www.europesays.com\/se\/103887\/"},"modified":"2025-12-12T15:48:07","modified_gmt":"2025-12-12T15:48:07","slug":"sa-bra-ar-home-for-christmas-sasong-3-pa-netflix","status":"publish","type":"post","link":"https:\/\/www.europesays.com\/se\/103887\/","title":{"rendered":"S\u00e5 bra \u00e4r Home for christmas s\u00e4song 3 p\u00e5 Netflix"},"content":{"rendered":"<p>Publicerad 12 dec 2025 kl 16.30<\/p>\n<p>\u201dHome for christmas\u201d forts\u00e4tter tjusa tittaren med kunskap, k\u00e4nsla och know-how.\u00a0<\/p>\n<p>\u00c4nd\u00e5 blir det f\u00f6r mycket samma samma i Netflix-serien.\u00a0<\/p>\n<p><img   alt=\"\"\/><\/p>\n<p>Ida Elise Broch spelar Johanne i \u201dHome for christmas\u201d.<\/p>\n<p>Foto: Hallgrim Haug \/ Netflix<\/p>\n<p>\u00d6ppna bild i helsk\u00e4rm<img loading=\"lazy\"   alt=\"\"\/><\/p>\n<p>Felicia Danielsson i \u201dHome for christmas\u201d.<\/p>\n<p>Foto: Hallgrim Haug \/ Netflix<\/p>\n<p>\u00d6ppna bild i helsk\u00e4rm&#8221;HOME FOR CHRISTMAS&#8221; \u2013\u00a0S\u00c4SONG 3<\/p>\n<p><strong>Manus:<\/strong> Siri Seljeseth, Amy Deasismont, Vera Herngren, Mari \u00d8rstavik, Per-Olav S\u00f8rensen.\u00a0<\/p>\n<p><strong>Regi:<\/strong> Per-Olav S\u00f8rensen.\u00a0<\/p>\n<p><strong>Med: <\/strong>Ida Elise Broch, Felicia Danielsson, Gard L\u00f8kke, Felix Sandman, Helga Guren, Samantha Gurah, Herman T\u00f8mmeraas, Christian Ruud Kallum, Dennis Storh\u00f8i, Hege Sch\u00f8yen med flera.\u00a0<\/p>\n<p><strong>Premi\u00e4r:<\/strong> 12 december p\u00e5 Netflix.\u00a0<\/p>\n<p>Visa mer<\/p>\n<p>\u201dHome for christmas\u201d \u00e4r den romantiska komedins motsvarighet till tallriksmodellen.\u00a0<\/p>\n<p>Rikligt med protein, bra fetter och fiber och massa gr\u00f6nsaker. Blocksockret stabiliseras n\u00e4r varenda ruta bockas av.\u00a0<\/p>\n<p>F\u00f6r att fixa det, s\u00e4rskilt under tre s\u00e4songer, kr\u00e4vs kunskap, k\u00e4nsla och know-how. \u201dHome for christmas\u201d har det d\u00e4r och lite till.\u00a0<\/p>\n<p><strong>Nu, i de h\u00e4r \u00e5tta nya avsnitten, m\u00e5ste tittaren \u00e4nd\u00e5 kn\u00e4ppa upp \u00f6versta knappen. \u00a0<\/strong><\/p>\n<p>Det blir lite f\u00f6r mycket samma samma, \u00e4ven om det onekligen \u00e4r s\u00e5 att formen fortsatt funkar.\u00a0<\/p>\n<p>Ber\u00e4ttelsen tar n\u00e5gra nya v\u00e4gar samtidigt som misstagen, missf\u00f6rst\u00e5nden och motg\u00e5ngarna m\u00e5nga g\u00e5nger \u00e4r s\u00e5dana som i serien och i andra sammanhang tjatats s\u00f6nder.\u00a0<\/p>\n<p>Detta \u00e4r s\u00e5 klart den romantiska komedins f\u00f6rbannelse och n\u00e5got tittaren m\u00e5ste acceptera p\u00e5 f\u00f6rhand. \u201dHome for christmas\u201d hade m\u00e5tt bra av att v\u00e5ga skruva aningen mer p\u00e5 situationerna.\u00a0<\/p>\n<p>\u00c5 andra sidan \u00e4r tredje s\u00e4songen ett fint avslut p\u00e5 historien om Johanne, rollfiguren som Ida Elise Broch fyllt med lika delar sj\u00e4lvst\u00e4ndighet, k\u00e4rlekst\u00f6rst och nyfikenhet p\u00e5 livet. \u00a0<\/p>\n<p><img loading=\"lazy\"   alt=\"\"\/><\/p>\n<p>Ida Elise Broch och Gard L\u00f8kke i nya \u201dHome for christmas\u201d.<\/p>\n<p>Foto: Agnete Brun \/ Netflix<\/p>\n<p>\u00d6ppna bild i helsk\u00e4rm<img loading=\"lazy\"   alt=\"\"\/><\/p>\n<p>\u201dHome for christmas\u201d s\u00e4song 3 har premi\u00e4r 12 december p\u00e5 Netflix.<\/p>\n<p>Foto: Agnete Brun \/ Netflix<\/p>\n<p>\u00d6ppna bild i helsk\u00e4rm<\/p>\n<p>N\u00e4r s\u00e4songen b\u00f6rjar \u00e4r Johanne n\u00e4rmare 40 \u00e4n 30. Hon och Felix Sandmans rollfigur Jonas har gjort slut.\u00a0<\/p>\n<p>P\u00e5 jobbet v\u00e4ntar nya utmaningar. Med familjen nya hinder och problem.\u00a0<\/p>\n<p>Naturligtvis finns en l\u00e4ngtan om att f\u00f6rs\u00f6ka pricka k\u00e4rleksr\u00e4tt igen.\u00a0<\/p>\n<p>Upprinnelsen till mycket i s\u00e4songen \u00e4r att r\u00f6ren i Johannes k\u00f6k har pajat. R\u00f6ta i h\u00f6rnen tvingar fram renovering och d\u00e4rmed risken att julfirandet hemma hos henne m\u00e5ste st\u00e4llas in. \u00a0<\/p>\n<p><strong>Ber\u00e4ttelsen krokar p\u00e5 ett f\u00f6rtj\u00e4nstfullt s\u00e4tt i tillbakablickar p\u00e5 vad som gick fel mellan Johanne och Jonas. P\u00e5 s\u00e5 s\u00e4tt blir hennes tveksamhet till n\u00e5got nytt mer trov\u00e4rdig.<\/strong><\/p>\n<p><strong>Glad blir tittaren av att Felicia Danielsson har en f\u00f6r handlingen viktig roll. Hos den svenska sk\u00e5despelaren hittas ett slags realistisk och bubblande entusiasm som \u00e4r n\u00f6dv\u00e4ndig f\u00f6r att putta Johanne \u00e5t r\u00e4tt h\u00e5ll.\u00a0<\/strong><\/p>\n<p>Notera ocks\u00e5 att Amy Deasismont och Vera Herngren har varit med och skrivit manus. F\u00f6rhoppningsvis beh\u00f6vs det inte skrikas igen, men fler serier fr\u00e5n dem i samma eller n\u00e4rliggande genrer b\u00f6r ligga h\u00f6gt p\u00e5 prioriteringslistan hos svenska best\u00e4llare. \u00a0<\/p>\n<p>Till syvende och sist \u00e4r det f\u00f6rst\u00e5s s\u00e5 h\u00e4r: ska endast en romantisk komedi slukas under julledigheten \u00e4r \u201dParterapi i Gagnef\u201d definitivt serien att se eller se om.\u00a0<\/p>\n<p>Som efterr\u00e4tt passar tredje s\u00e4songen av \u201dHome for christmas\u201d utm\u00e4rkt.\u00a0<\/p>\n<p>R\u00e4kna med att k\u00e4nna dig m\u00e4tt efter\u00e5t. \u00a0<\/p>\n","protected":false},"excerpt":{"rendered":"Publicerad 12 dec 2025 kl 16.30 \u201dHome for christmas\u201d forts\u00e4tter tjusa tittaren med kunskap, k\u00e4nsla och know-how.\u00a0 \u00c4nd\u00e5&hellip;\n","protected":false},"author":2,"featured_media":103888,"comment_status":"","ping_status":"","sticky":false,"template":"","format":"standard","meta":{"footnotes":""},"categories":[67],"tags":[104,1839,34,645,31,33,32,30,646,105],"class_list":{"0":"post-103887","1":"post","2":"type-post","3":"status-publish","4":"format-standard","5":"has-post-thumbnail","7":"category-underhallning","8":"tag-entertainment","9":"tag-organization-netflix","10":"tag-se","11":"tag-sections-tv","12":"tag-svenska","13":"tag-sverige","14":"tag-sweden","15":"tag-swedish","16":"tag-topic-tv-serier","17":"tag-underhallning"},"share_on_mastodon":{"url":"https:\/\/pubeurope.com\/@se\/115707386523994612","error":""},"_links":{"self":[{"href":"https:\/\/www.europesays.com\/se\/wp-json\/wp\/v2\/posts\/103887","targetHints":{"allow":["GET"]}}],"collection":[{"href":"https:\/\/www.europesays.com\/se\/wp-json\/wp\/v2\/posts"}],"about":[{"href":"https:\/\/www.europesays.com\/se\/wp-json\/wp\/v2\/types\/post"}],"author":[{"embeddable":true,"href":"https:\/\/www.europesays.com\/se\/wp-json\/wp\/v2\/users\/2"}],"replies":[{"embeddable":true,"href":"https:\/\/www.europesays.com\/se\/wp-json\/wp\/v2\/comments?post=103887"}],"version-history":[{"count":0,"href":"https:\/\/www.europesays.com\/se\/wp-json\/wp\/v2\/posts\/103887\/revisions"}],"wp:featuredmedia":[{"embeddable":true,"href":"https:\/\/www.europesays.com\/se\/wp-json\/wp\/v2\/media\/103888"}],"wp:attachment":[{"href":"https:\/\/www.europesays.com\/se\/wp-json\/wp\/v2\/media?parent=103887"}],"wp:term":[{"taxonomy":"category","embeddable":true,"href":"https:\/\/www.europesays.com\/se\/wp-json\/wp\/v2\/categories?post=103887"},{"taxonomy":"post_tag","embeddable":true,"href":"https:\/\/www.europesays.com\/se\/wp-json\/wp\/v2\/tags?post=103887"}],"curies":[{"name":"wp","href":"https:\/\/api.w.org\/{rel}","templated":true}]}}