{"id":103903,"date":"2025-12-12T16:05:06","date_gmt":"2025-12-12T16:05:06","guid":{"rendered":"https:\/\/www.europesays.com\/se\/103903\/"},"modified":"2025-12-12T16:05:06","modified_gmt":"2025-12-12T16:05:06","slug":"huawei-freeclip-2-officiella-samt-nya-vikbara-flaggskeppet-mate-x7","status":"publish","type":"post","link":"https:\/\/www.europesays.com\/se\/103903\/","title":{"rendered":"Huawei Freeclip 2 officiella samt nya vikbara flaggskeppet Mate X7"},"content":{"rendered":"<p class=\"kicker t20 font-Raleway\" style=\"\">\u00d6ppna h\u00f6rlurar<\/p>\n<p>    Freeclip 2 \u00e4r Huaweis nya, \u00f6ppna h\u00f6rlurar med ny design och en rad nya egenskaper. De kommer till Sverige, men vi fick \u00e4ven se en rad flaggskeppsprodukter som inte kommer hit men till andra l\u00e4nder.\u00a0<\/p>\n<p>En mer kompakt design s\u00e5 att etuiet blir mindre och design och utf\u00f6rande f\u00f6r att h\u00f6rlurarna ska vara bekv\u00e4ma att ha p\u00e5 sig hela dagen, med en l\u00e4tt vikt p\u00e5 5,1 gram.\u00a0<\/p>\n<p>Designen av Freeclip 2 bygger vidare p\u00e5 den fr\u00e5n f\u00f6reg\u00e5ngarna, vilket inneb\u00e4r att de \u00e4r gjorda i form av en bygel. En bollformad h\u00f6gtalare riktar ljudet mot \u00f6rat utan att st\u00e4nga ute omgivningens ljud. Samtidigt \u00e4r st\u00f6det p\u00e5 baksidan av \u00f6rat, den del som bland annat inneh\u00e5ll batteriet, f\u00f6rfinad f\u00f6r att ge stabil passform och l\u00e4tt vikt s\u00e5 att h\u00f6rlurarna inte \u00e4r i v\u00e4gen eller st\u00f6r. Freeclip 2 har en ny AI-processor som ska bidra med ber\u00e4kningskraft och g\u00f6r h\u00f6rlurarna kapabla till att anpassa volymen till omgivande ljudniv\u00e5 och r\u00f6stf\u00f6rst\u00e4rkning.\u00a0<\/p>\n<p>H\u00f6rlurarna an v\u00e4nder flera mikrofoner f\u00f6r brusreduceirng s\u00e5 samtal ska bli tydliga f\u00f6r b\u00e5de dig och den du ringer, och dessutom anv\u00e4nds omv\u00e4nda ljudv\u00e5gor f\u00f6r att minimera ljudl\u00e4ckage som annars kan vara en nackdel med den h\u00e4r typen av \u00f6ppna h\u00f6rlurar.\u00a0<\/p>\n<p>Freeclip 2 kommer i tre f\u00e4rger, bl\u00e5, svart och vit och \u00e4r skyddade mot vatten och damm enligt IP57. Batteritiden utlovas till upp\u00e5t 9 timmar p\u00e5 en laddning eller 38 timmar totalt med kraften i laddningsetuiet. H\u00f6rlurarna ska kosta 2899 kronor och sl\u00e4pps till f\u00f6rs\u00e4ljning 26 januari.<\/p>\n<p>Mate X7, Huawei Watch Ultimate, Matepad och Wifi Mesh<\/p>\n<p>                <img decoding=\"async\" src=\"https:\/\/www.europesays.com\/se\/wp-content\/uploads\/2025\/12\/1663787.webp\" width=\"480\" height=\"116\" title=\"Huawei Freeclip 2 officiella samt nya vikbara flaggskeppet Mate X7\" alt=\"\" loading=\"lazy\" style=\"\"\/><\/p>\n<p>Ut\u00f6ver h\u00f6rlurarna sl\u00e4pptes en rad andra flaggskeppsprodukter p\u00e5 <a href=\"https:\/\/consumer.huawei.com\/en\/press\/events\/2025\/huawei-flagship-product-launch-december-11\/\" target=\"_blank\" rel=\"nofollow noopener\">eventet i Dubai<\/a>, produkter som dock inte \u00e4r aktuella f\u00f6r svenska lansering. Vikbara telefonen Huawei Mate X7 sl\u00e4pptes, vilket ska vara Huaweis f\u00f6rsta vikbara telefon med sk\u00e4rmegenskaper i klass med en vanlig flagskeppsmobil i traditionell design. Vidare visades Huawei Watch Ultimate Design Royal Gold Edition med 18K guld, e-sim, liquid metal och kommunikation under vatten f\u00f6r dykare.\u00a0\u00a0<\/p>\n<p>Huawei Matepad 11.5 S \u00e4r en surfplatta so ska kombinera den goda bildkvaliteten hos vanliga surfplattor med sin papermatte-sk\u00e4rm som \u00e4ven \u00e4r avlastande f\u00f6r \u00f6gonen. Vi fick \u00e4ven se Huawei Wifi Mesh X3 Pro med nyskapande designspr\u00e5k.\u00a0<\/p>\n","protected":false},"excerpt":{"rendered":"\u00d6ppna h\u00f6rlurar Freeclip 2 \u00e4r Huaweis nya, \u00f6ppna h\u00f6rlurar med ny design och en rad nya egenskaper. De&hellip;\n","protected":false},"author":2,"featured_media":103904,"comment_status":"","ping_status":"","sticky":false,"template":"","format":"standard","meta":{"footnotes":""},"categories":[66],"tags":[80,78,79,34,31,33,32,30,81,84,83,82],"class_list":{"0":"post-103903","1":"post","2":"type-post","3":"status-publish","4":"format-standard","5":"has-post-thumbnail","7":"category-vetenskap-och-teknik","8":"tag-science","9":"tag-science-and-technology","10":"tag-scienceandtechnology","11":"tag-se","12":"tag-svenska","13":"tag-sverige","14":"tag-sweden","15":"tag-swedish","16":"tag-technology","17":"tag-teknik","18":"tag-vetenskap","19":"tag-vetenskapteknik"},"share_on_mastodon":{"url":"https:\/\/pubeurope.com\/@se\/115707453623709527","error":""},"_links":{"self":[{"href":"https:\/\/www.europesays.com\/se\/wp-json\/wp\/v2\/posts\/103903","targetHints":{"allow":["GET"]}}],"collection":[{"href":"https:\/\/www.europesays.com\/se\/wp-json\/wp\/v2\/posts"}],"about":[{"href":"https:\/\/www.europesays.com\/se\/wp-json\/wp\/v2\/types\/post"}],"author":[{"embeddable":true,"href":"https:\/\/www.europesays.com\/se\/wp-json\/wp\/v2\/users\/2"}],"replies":[{"embeddable":true,"href":"https:\/\/www.europesays.com\/se\/wp-json\/wp\/v2\/comments?post=103903"}],"version-history":[{"count":0,"href":"https:\/\/www.europesays.com\/se\/wp-json\/wp\/v2\/posts\/103903\/revisions"}],"wp:featuredmedia":[{"embeddable":true,"href":"https:\/\/www.europesays.com\/se\/wp-json\/wp\/v2\/media\/103904"}],"wp:attachment":[{"href":"https:\/\/www.europesays.com\/se\/wp-json\/wp\/v2\/media?parent=103903"}],"wp:term":[{"taxonomy":"category","embeddable":true,"href":"https:\/\/www.europesays.com\/se\/wp-json\/wp\/v2\/categories?post=103903"},{"taxonomy":"post_tag","embeddable":true,"href":"https:\/\/www.europesays.com\/se\/wp-json\/wp\/v2\/tags?post=103903"}],"curies":[{"name":"wp","href":"https:\/\/api.w.org\/{rel}","templated":true}]}}